{"id":4466,"date":"2021-02-19T14:59:22","date_gmt":"2021-02-19T22:59:22","guid":{"rendered":"https:\/\/coral.org\/blog\/roatan-marine-park-a-year-of-strength\/"},"modified":"2021-10-03T17:41:24","modified_gmt":"2021-10-04T00:41:24","slug":"roatan-marine-park-a-year-of-strength","status":"publish","type":"post","link":"https:\/\/coral.org\/es\/blog\/roatan-marine-park-a-year-of-strength\/","title":{"rendered":"Parque Marino de Roat\u00e1n: Un A\u00f1o de Fortaleza"},"content":{"rendered":"<div>\n<p>Durante los \u00faltimos 15 a\u00f1os, nos hemos mantenido junto al\u00a0<a href=\"https:\/\/www.roatanmarinepark.org\/\" target=\"_blank\" rel=\"noopener\">Parque Marino de Roat\u00e1n<\/a>\u00a0(RMP) a medida que se han convertido en la organizaci\u00f3n modelo de gesti\u00f3n marina que son hoy.<\/p>\n<\/div>\n<div>\n<p>Ellos establecen el est\u00e1ndar sobre c\u00f3mo se debe administrar un \u00e1rea marina protegida, y nos sentimos honrados de asociarnos con ellos para desarrollar la capacidad y asegurarnos de que tengan\u00a0<a href=\"https:\/\/coral.org\/resilience-honduras\/\">los recursos que necesitan<\/a>\u00a0para tener \u00e9xito.<\/p>\n<\/div>\n<div>\n<p>Su fortaleza y resistencia fueron evidentes a lo largo de 2020, mientras navegaban por cambios y dificultades sin precedentes que vinieron con la repentina interrupci\u00f3n del turismo. Pudieron priorizar, adaptarse y mantenerse enfocados en proteger los incre\u00edbles arrecifes de coral de Roat\u00e1n. Lea sobre c\u00f3mo su arduo trabajo vali\u00f3 la pena este a\u00f1o en su\u00a0<a href=\"https:\/\/storymaps.arcgis.com\/stories\/519a29330d6b413e922c7064f473d5b9\" target=\"_blank\" rel=\"noopener\">Informe anual de 2020<\/a>.<\/p>\n<\/div>\n<p><a href=\"https:\/\/storymaps.arcgis.com\/stories\/519a29330d6b413e922c7064f473d5b9\" target=\"_blank\" rel=\"noopener\"><img loading=\"lazy\" decoding=\"async\" class=\"aligncenter wp-image-9668 size-full\" src=\"https:\/\/coral.org\/wp-content\/uploads\/2021\/07\/Screen-Shot-2021-02-19-at-6.57.05-AM.png\" alt=\"\" width=\"1592\" height=\"817\" \/><\/a><\/p>\n","protected":false},"excerpt":{"rendered":"<p>Durante los \u00faltimos 15 a\u00f1os, nos hemos mantenido junto al\u00a0Parque Marino de Roat\u00e1n\u00a0(RMP) a medida que se han convertido en la organizaci\u00f3n modelo de gesti\u00f3n marina que son hoy. Ellos establecen el est\u00e1ndar sobre c\u00f3mo se debe administrar un \u00e1rea marina protegida, y nos sentimos honrados de asociarnos con ellos para desarrollar la capacidad y&hellip; <a href=\"https:\/\/coral.org\/es\/blog\/roatan-marine-park-a-year-of-strength\/\" class=\"more-link\">Sigue Leyendo &#8594;<\/a><\/p>\n","protected":false},"author":1,"featured_media":566,"comment_status":"closed","ping_status":"closed","sticky":false,"template":"","format":"standard","meta":{"_acf_changed":false,"inline_featured_image":false,"_genesis_hide_title":false,"_genesis_hide_breadcrumbs":false,"_genesis_hide_singular_image":false,"_genesis_hide_footer_widgets":false,"_genesis_custom_body_class":"","_genesis_custom_post_class":"","_genesis_layout":"","_genesis_transparent_header":false,"_genesis_hide_siblings_nav":false,"_genesis_hide_flyout":false,"_genesis_subtitle":"","_genesis_subheading":"","footnotes":""},"categories":[322],"tags":[16,298,256,313,90],"class_list":{"0":"post-4466","1":"post","2":"type-post","3":"status-publish","4":"format-standard","5":"has-post-thumbnail","7":"category-local-news-es","8":"tag-honduras","9":"tag-local","10":"tag-mesoamerican","11":"tag-partner","12":"tag-roatan","13":"entry"},"acf":[],"template_part":"\n<article class=\"article article-post post-4466 post type-post status-publish format-standard has-post-thumbnail category-local-news-es tag-honduras tag-local tag-mesoamerican tag-partner tag-roatan entry\">\n\t<div class=\"entry-image\">\n\t\t<a href=\"https:\/\/coral.org\/es\/blog\/roatan-marine-park-a-year-of-strength\/\">\n\t\t\t<img width=\"740\" height=\"380\" src=\"https:\/\/static.coral.org\/uploads\/2021\/07\/Screen-Shot-2021-02-19-at-6.57.05-AM.png\" class=\"attachment-preview size-preview wp-post-image\" alt=\"\" decoding=\"async\" loading=\"lazy\" srcset=\"https:\/\/static.coral.org\/uploads\/2021\/07\/Screen-Shot-2021-02-19-at-6.57.05-AM.png 1592w, https:\/\/static.coral.org\/uploads\/2021\/07\/Screen-Shot-2021-02-19-at-6.57.05-AM-300x154.png 300w, https:\/\/static.coral.org\/uploads\/2021\/07\/Screen-Shot-2021-02-19-at-6.57.05-AM-1024x526.png 1024w, https:\/\/static.coral.org\/uploads\/2021\/07\/Screen-Shot-2021-02-19-at-6.57.05-AM-768x394.png 768w, https:\/\/static.coral.org\/uploads\/2021\/07\/Screen-Shot-2021-02-19-at-6.57.05-AM-1536x788.png 1536w\" sizes=\"auto, (max-width: 740px) 100vw, 740px\" \/>\t\t<\/a>\n\t<\/div>\n\t<div class=\"entry-meta\">\n\t\t<ul class=\"post-categories\">\n\t<li><a href=\"https:\/\/coral.org\/es\/blog\/category\/local-news-es\/\" rel=\"category tag\">Noticias Locales<\/a><\/li><\/ul>\t<\/div>\n\t<div class=\"entry-body\">\n\t\t<h2 class=\"entry-title\"><a href=\"https:\/\/coral.org\/es\/blog\/roatan-marine-park-a-year-of-strength\/\" class=\"entry-title-link\">Parque Marino de Roat\u00e1n: Un A\u00f1o de Fortaleza<\/a><\/h2>\t\t<p>Durante los \u00faltimos 15 a\u00f1os, nos hemos mantenido junto al\u00a0Parque Marino de Roat\u00e1n\u00a0(RMP) a medida que se han convertido en la organizaci\u00f3n modelo de gesti\u00f3n marina que son hoy. Ellos establecen el est\u00e1ndar sobre c\u00f3mo se debe administrar un \u00e1rea marina protegida, y nos sentimos honrados de asociarnos con ellos para desarrollar la capacidad y&hellip; <a href=\"https:\/\/coral.org\/es\/blog\/roatan-marine-park-a-year-of-strength\/\" class=\"more-link\">Sigue Leyendo &#8594;<\/a><\/p>\n\t<\/div>\n<\/article>\n","featured_image_src":"https:\/\/static.coral.org\/uploads\/2021\/07\/Screen-Shot-2021-02-19-at-6.57.05-AM.png","featured_image_src_square":"https:\/\/static.coral.org\/uploads\/2021\/07\/Screen-Shot-2021-02-19-at-6.57.05-AM.png","author_info":{"display_name":"admin","author_link":"https:\/\/coral.org\/es\/blog\/author\/admin\/"},"jetpack_featured_media_url":"https:\/\/static.coral.org\/uploads\/2021\/07\/Screen-Shot-2021-02-19-at-6.57.05-AM.png","_links":{"self":[{"href":"https:\/\/coral.org\/es\/wp-json\/wp\/v2\/posts\/4466","targetHints":{"allow":["GET"]}}],"collection":[{"href":"https:\/\/coral.org\/es\/wp-json\/wp\/v2\/posts"}],"about":[{"href":"https:\/\/coral.org\/es\/wp-json\/wp\/v2\/types\/post"}],"author":[{"embeddable":true,"href":"https:\/\/coral.org\/es\/wp-json\/wp\/v2\/users\/1"}],"replies":[{"embeddable":true,"href":"https:\/\/coral.org\/es\/wp-json\/wp\/v2\/comments?post=4466"}],"version-history":[{"count":0,"href":"https:\/\/coral.org\/es\/wp-json\/wp\/v2\/posts\/4466\/revisions"}],"wp:featuredmedia":[{"embeddable":true,"href":"https:\/\/coral.org\/es\/wp-json\/wp\/v2\/media\/566"}],"wp:attachment":[{"href":"https:\/\/coral.org\/es\/wp-json\/wp\/v2\/media?parent=4466"}],"wp:term":[{"taxonomy":"category","embeddable":true,"href":"https:\/\/coral.org\/es\/wp-json\/wp\/v2\/categories?post=4466"},{"taxonomy":"post_tag","embeddable":true,"href":"https:\/\/coral.org\/es\/wp-json\/wp\/v2\/tags?post=4466"}],"curies":[{"name":"wp","href":"https:\/\/api.w.org\/{rel}","templated":true}]}}