{"id":4467,"date":"2021-02-03T16:06:30","date_gmt":"2021-02-04T00:06:30","guid":{"rendered":"https:\/\/coral.org\/blog\/talking-story-about-mauis-coral-reefs\/"},"modified":"2021-10-03T17:46:26","modified_gmt":"2021-10-04T00:46:26","slug":"talking-story-about-mauis-coral-reefs","status":"publish","type":"post","link":"https:\/\/coral.org\/es\/blog\/talking-story-about-mauis-coral-reefs\/","title":{"rendered":"Historia Relatada Sobre los Arrecifes de Coral de Maui"},"content":{"rendered":"<div>\n<p>El mes pasado, tuvimos el honor de ser seleccionados por la Fundaci\u00f3n Nacional de Pesca y Vida Silvestre (NFWF) como destinatarios de la subvenci\u00f3n del\u00a0<a href=\"https:\/\/www.nfwf.org\/media-center\/press-releases\/nfwf-celebrates-20-years-coral-reef-conservation-announces-12-million-new-grants\" target=\"_blank\" rel=\"noopener\">Fondo de Conservaci\u00f3n de Arrecifes de Coral<\/a>\u00a0, la segunda en tantos a\u00f1os.<\/p>\n<\/div>\n<p><span style=\"font-size: revert;\">La subvenci\u00f3n apoya\u00a0<\/span><a href=\"https:\/\/coral.org\/maui\/\">nuestros proyectos de restauraci\u00f3n en West Maui<\/a><span style=\"font-size: revert;\">, Haw\u00e1i, donde estamos sembrando plantas aut\u00f3ctonas a lo largo de las orillas de los arroyos y tierras agr\u00edcolas degradadas para mantener la contaminaci\u00f3n terrestre fuera del medio marino. <\/span><\/p>\n<p><img loading=\"lazy\" decoding=\"async\" class=\"size-full wp-image-9615 aligncenter\" src=\"https:\/\/coral.org\/wp-content\/uploads\/2021\/07\/Maui-volunteers.png\" alt=\"\" width=\"940\" height=\"788\" \/><\/p>\n<p>Durante las tormentas de lluvia, los sedimentos y los nutrientes se escurren de los campos de ca\u00f1a de az\u00facar y pi\u00f1a en barbecho hacia el oc\u00e9ano, donde asfixian los arrecifes de coral. <a href=\"https:\/\/coral.org\/blog\/plant-a-tree-save-a-coral\/\">Las plantas aut\u00f3ctonas ayudan a estabilizar la pendiente empinada<\/a>\u00a0y atrapan los sedimentos in situ.<\/p>\n<p>El 21 de enero de 2021, tuvimos el honor de participar en el seminario web\u00a0<em>Conozca a los Beneficiarios de la NFWF<\/em>\u00a0para todos los beneficiarios de las subvenciones. El tema de este a\u00f1o fue Arrecifes de coral de Maui Nui y nos unimos a algunos de nuestros socios y otros beneficiarios de subvenciones, como\u00a0<a href=\"https:\/\/www.westmauir2r.com\/\">Ridge to Reefs,<\/a><a href=\"https:\/\/www.westmauir2r.com\">Inc.<\/a> y el Consejo de Recursos Marinos de Maui Nui, para compartir nuestro conocimiento sobre lo que est\u00e1 sucediendo en los arrecifes de coral de Maui y c\u00f3mo podemos asociarnos con otras organizaciones para salvarlos.<\/p>\n<p>\u201cEs realmente grandioso ser parte de esta comunidad de profesionales y tener el espacio para aprender de nuestros socios en Maui Nui\u201d, dice Jen Vander Veur, Gerente Senior de Programas de CORAL en Maui. \u00abEste seminario web allan\u00f3 el camino para escalar nuestro impacto a trav\u00e9s de futuras colaboraciones en otras islas, como Lanai y Molokai\u00bb.<\/p>\n<p><img loading=\"lazy\" decoding=\"async\" class=\"size-full wp-image-9616 aligncenter\" src=\"https:\/\/coral.org\/wp-content\/uploads\/2021\/07\/Wili-Wili.png\" alt=\"\" width=\"940\" height=\"788\" \/><\/p>\n","protected":false},"excerpt":{"rendered":"<p>El mes pasado, tuvimos el honor de ser seleccionados por la Fundaci\u00f3n Nacional de Pesca y Vida Silvestre (NFWF) como destinatarios de la subvenci\u00f3n del\u00a0Fondo de Conservaci\u00f3n de Arrecifes de Coral\u00a0, la segunda en tantos a\u00f1os. La subvenci\u00f3n apoya\u00a0nuestros proyectos de restauraci\u00f3n en West Maui, Haw\u00e1i, donde estamos sembrando plantas aut\u00f3ctonas a lo largo de&hellip; <a href=\"https:\/\/coral.org\/es\/blog\/talking-story-about-mauis-coral-reefs\/\" class=\"more-link\">Sigue Leyendo &#8594;<\/a><\/p>\n","protected":false},"author":1,"featured_media":553,"comment_status":"open","ping_status":"open","sticky":false,"template":"","format":"standard","meta":{"_acf_changed":false,"inline_featured_image":false,"_genesis_hide_title":false,"_genesis_hide_breadcrumbs":false,"_genesis_hide_singular_image":false,"_genesis_hide_footer_widgets":false,"_genesis_custom_body_class":"","_genesis_custom_post_class":"","_genesis_layout":"","_genesis_transparent_header":false,"_genesis_hide_siblings_nav":false,"_genesis_hide_flyout":false,"_genesis_subtitle":"","_genesis_subheading":"","footnotes":""},"categories":[322],"tags":[39,298,41,316],"class_list":{"0":"post-4467","1":"post","2":"type-post","3":"status-publish","4":"format-standard","5":"has-post-thumbnail","7":"category-local-news-es","8":"tag-hawaii","9":"tag-local","10":"tag-maui","11":"tag-west-maui","12":"entry"},"acf":[],"template_part":"\n<article class=\"article article-post post-4467 post type-post status-publish format-standard has-post-thumbnail category-local-news-es tag-hawaii tag-local tag-maui tag-west-maui entry\">\n\t<div class=\"entry-image\">\n\t\t<a href=\"https:\/\/coral.org\/es\/blog\/talking-story-about-mauis-coral-reefs\/\">\n\t\t\t<img width=\"740\" height=\"173\" src=\"https:\/\/static.coral.org\/uploads\/2021\/07\/Copy-of-Untitled.png\" class=\"attachment-preview size-preview wp-post-image\" alt=\"\" decoding=\"async\" loading=\"lazy\" srcset=\"https:\/\/static.coral.org\/uploads\/2021\/07\/Copy-of-Untitled.png 1280w, https:\/\/static.coral.org\/uploads\/2021\/07\/Copy-of-Untitled-300x70.png 300w, https:\/\/static.coral.org\/uploads\/2021\/07\/Copy-of-Untitled-1024x240.png 1024w, https:\/\/static.coral.org\/uploads\/2021\/07\/Copy-of-Untitled-768x180.png 768w\" sizes=\"auto, (max-width: 740px) 100vw, 740px\" \/>\t\t<\/a>\n\t<\/div>\n\t<div class=\"entry-meta\">\n\t\t<ul class=\"post-categories\">\n\t<li><a href=\"https:\/\/coral.org\/es\/blog\/category\/local-news-es\/\" rel=\"category tag\">Noticias Locales<\/a><\/li><\/ul>\t<\/div>\n\t<div class=\"entry-body\">\n\t\t<h2 class=\"entry-title\"><a href=\"https:\/\/coral.org\/es\/blog\/talking-story-about-mauis-coral-reefs\/\" class=\"entry-title-link\">Historia Relatada Sobre los Arrecifes de Coral de Maui<\/a><\/h2>\t\t<p>El mes pasado, tuvimos el honor de ser seleccionados por la Fundaci\u00f3n Nacional de Pesca y Vida Silvestre (NFWF) como destinatarios de la subvenci\u00f3n del\u00a0Fondo de Conservaci\u00f3n de Arrecifes de Coral\u00a0, la segunda en tantos a\u00f1os. La subvenci\u00f3n apoya\u00a0nuestros proyectos de restauraci\u00f3n en West Maui, Haw\u00e1i, donde estamos sembrando plantas aut\u00f3ctonas a lo largo de&hellip; <a href=\"https:\/\/coral.org\/es\/blog\/talking-story-about-mauis-coral-reefs\/\" class=\"more-link\">Sigue Leyendo &#8594;<\/a><\/p>\n\t<\/div>\n<\/article>\n","featured_image_src":"https:\/\/static.coral.org\/uploads\/2021\/07\/Copy-of-Untitled.png","featured_image_src_square":"https:\/\/static.coral.org\/uploads\/2021\/07\/Copy-of-Untitled.png","author_info":{"display_name":"admin","author_link":"https:\/\/coral.org\/es\/blog\/author\/admin\/"},"jetpack_featured_media_url":"https:\/\/static.coral.org\/uploads\/2021\/07\/Copy-of-Untitled.png","_links":{"self":[{"href":"https:\/\/coral.org\/es\/wp-json\/wp\/v2\/posts\/4467","targetHints":{"allow":["GET"]}}],"collection":[{"href":"https:\/\/coral.org\/es\/wp-json\/wp\/v2\/posts"}],"about":[{"href":"https:\/\/coral.org\/es\/wp-json\/wp\/v2\/types\/post"}],"author":[{"embeddable":true,"href":"https:\/\/coral.org\/es\/wp-json\/wp\/v2\/users\/1"}],"replies":[{"embeddable":true,"href":"https:\/\/coral.org\/es\/wp-json\/wp\/v2\/comments?post=4467"}],"version-history":[{"count":0,"href":"https:\/\/coral.org\/es\/wp-json\/wp\/v2\/posts\/4467\/revisions"}],"wp:featuredmedia":[{"embeddable":true,"href":"https:\/\/coral.org\/es\/wp-json\/wp\/v2\/media\/553"}],"wp:attachment":[{"href":"https:\/\/coral.org\/es\/wp-json\/wp\/v2\/media?parent=4467"}],"wp:term":[{"taxonomy":"category","embeddable":true,"href":"https:\/\/coral.org\/es\/wp-json\/wp\/v2\/categories?post=4467"},{"taxonomy":"post_tag","embeddable":true,"href":"https:\/\/coral.org\/es\/wp-json\/wp\/v2\/tags?post=4467"}],"curies":[{"name":"wp","href":"https:\/\/api.w.org\/{rel}","templated":true}]}}