{"id":4667,"date":"2021-09-28T11:12:06","date_gmt":"2021-09-28T18:12:06","guid":{"rendered":"https:\/\/coral.org\/blog\/coral-joins-maui-nui-makai-network\/"},"modified":"2021-10-11T10:49:30","modified_gmt":"2021-10-11T17:49:30","slug":"coral-joins-maui-nui-makai-network","status":"publish","type":"post","link":"https:\/\/coral.org\/es\/blog\/coral-joins-maui-nui-makai-network\/","title":{"rendered":"CORAL se Une a la Red Maui Nui Makai"},"content":{"rendered":"\n<p>Coral Reef Alliance (CORAL) tiene el honor de unirse a la\u00a0<a href=\"https:\/\/www.mauinui.net\/\" target=\"_blank\" rel=\"noreferrer noopener\">Red Maui Nui Makai<\/a>, una red de grupos comunitarios de todo Maui Nui que protegen y cuidan los ecosistemas marinos y costeros.<\/p>\n\n\n\n<p>La red se estableci\u00f3 en 2013 cuando las organizaciones comunitarias decidieron que ser\u00edan m\u00e1s fuertes trabajando juntas que por separado. Los miembros de la red se re\u00fanen peri\u00f3dicamente para aprender y apoyarse mutuamente en los esfuerzos por proteger y restaurar los ecosistemas oce\u00e1nicos.<\/p>\n\n\n\n<figure class=\"wp-block-image size-large is-resized\"><img loading=\"lazy\" decoding=\"async\" src=\"https:\/\/coral.org\/wp-content\/uploads\/2021\/09\/MNMN-1024x538.jpg\" alt=\"Maui Nui Makai Network\" class=\"wp-image-4125\" width=\"845\" height=\"443\" srcset=\"https:\/\/static.coral.org\/uploads\/2021\/09\/MNMN-1024x538.jpg 1024w, https:\/\/static.coral.org\/uploads\/2021\/09\/MNMN-796x418.jpg 796w, https:\/\/static.coral.org\/uploads\/2021\/09\/MNMN-768x403.jpg 768w, https:\/\/static.coral.org\/uploads\/2021\/09\/MNMN.jpg 1200w\" sizes=\"auto, (max-width: 845px) 100vw, 845px\" \/><\/figure>\n\n\n\n<p>El papel de CORAL dentro de la red ser\u00e1 proporcionar experiencia t\u00e9cnica y ayudar a implementar proyectos, y el director del programa regional de CORAL para las principales islas hawaianas,\u00a0<a href=\"https:\/\/coral.org\/dive-in-with-manuel-mejia\/\">Manuel Mej\u00eda<\/a>, supervisar\u00e1 esta asociaci\u00f3n.<\/p>\n\n\n\n<p>La invitaci\u00f3n es un honor incre\u00edble y un testimonio de la historia de CORAL y de Mej\u00eda en la creaci\u00f3n de programas de colaboraci\u00f3n para salvar los arrecifes de coral en la regi\u00f3n.<\/p>\n\n\n\n<p>\u201cEs muy satisfactorio que la red vea que CORAL puede agregar valor\u201d, comenta Mej\u00eda. \u201cDedicaron mucho tiempo a sus documentos de gobernanza y afinaron sus procedimientos para investigar a los miembros. Los siete grupos comunitarios examinan y votan por posibles miembros. Tienen que ver el valor y la sinergia, y tienes que estar muy presente en los a\u00f1os previos a tu invitaci\u00f3n para integrarte\u00bb.<\/p>\n\n\n\n<p>Mej\u00eda ya ha participado en la red. Se desempe\u00f1\u00f3 como asesor t\u00e9cnico a trav\u00e9s de su cargo anterior en\u00a0<a href=\"https:\/\/www.nature.org\/en-us\/\" target=\"_blank\" rel=\"noreferrer noopener\">The Nature Conservancy<\/a>. En una carta oficial en la que invitaba a CORAL a unirse, la presidenta de la Red, Claudia Kalaola, le escribi\u00f3 a Mej\u00eda: \u201c\u00a1Todos los l\u00edderes de la red est\u00e1n de acuerdo en que su experiencia y colaboraci\u00f3n a lo largo de los a\u00f1os es una alianza que queremos continuar! El liderazgo tambi\u00e9n reconoce que CORAL puede brindar muchas oportunidades nuevas para la red, y esperamos que pueda aceptar nuestra invitaci\u00f3n \u00ab.<\/p>\n\n\n\n<p>Mej\u00eda est\u00e1 emocionado de seguir trabajando con la red a trav\u00e9s de CORAL y encuentra mucha sinergia entre su enfoque de conservaci\u00f3n y el de la red.<\/p>\n\n\n\n<p>\u00abLas cosas est\u00e1n tan aisladas en la conservaci\u00f3n entre la ecolog\u00eda, la ciencia de la conservaci\u00f3n, etc., pero mi enfoque siempre ha sido biocultural\u00bb, describe \u00abNo se puede sacar a los humanos de la ecuaci\u00f3n, especialmente en Haw\u00e1i y el Pac\u00edfico, donde forman parte de la misma ecuaci\u00f3n; no se puede considerar a uno sin el otro\u00bb.<\/p>\n\n\n\n<p>Tambi\u00e9n ve el enfoque colaborativo y basado en asociaciones de CORAL como un ajuste natural, y ve esta asociaci\u00f3n como un beneficio mutuo para los arrecifes de coral.<\/p>\n\n\n\n<p>\u201cPodremos aprender mucho unos de otros\u201d, dice Mej\u00eda. \u201cEstoy emocionado de aprender de sus experiencias trabajando con comunidades locales y compartir nuestras lecciones aprendidas sobre c\u00f3mo reducir eficazmente las amenazas locales a los arrecifes. Juntos, podemos reducir los factores de estr\u00e9s locales para ayudar a los arrecifes de coral a adaptarse al cambio clim\u00e1tico, para que tanto nuestros oc\u00e9anos como nuestras comunidades puedan sobrevivir y prosperar en el futuro \u00ab.<\/p>\n","protected":false},"excerpt":{"rendered":"<p>Coral Reef Alliance (CORAL) tiene el honor de unirse a la\u00a0Red Maui Nui Makai, una red de grupos comunitarios de todo Maui Nui que protegen y cuidan los ecosistemas marinos y costeros. La red se estableci\u00f3 en 2013 cuando las organizaciones comunitarias decidieron que ser\u00edan m\u00e1s fuertes trabajando juntas que por separado. Los miembros de&hellip; <a href=\"https:\/\/coral.org\/es\/blog\/coral-joins-maui-nui-makai-network\/\" class=\"more-link\">Sigue Leyendo &#8594;<\/a><\/p>\n","protected":false},"author":1,"featured_media":4128,"comment_status":"closed","ping_status":"closed","sticky":false,"template":"","format":"standard","meta":{"_acf_changed":false,"inline_featured_image":false,"_genesis_hide_title":false,"_genesis_hide_breadcrumbs":false,"_genesis_hide_singular_image":true,"_genesis_hide_footer_widgets":false,"_genesis_custom_body_class":"","_genesis_custom_post_class":"","_genesis_layout":"","_genesis_transparent_header":false,"_genesis_hide_siblings_nav":false,"_genesis_hide_flyout":false,"_genesis_subtitle":"","_genesis_subheading":"","footnotes":""},"categories":[322],"tags":[354,39,303,319,41,316],"class_list":{"0":"post-4667","1":"post","2":"type-post","3":"status-publish","4":"format-standard","5":"has-post-thumbnail","7":"category-local-news-es","8":"tag-announcements","9":"tag-hawaii","10":"tag-hawaii-program-staff","11":"tag-manuel-mejia","12":"tag-maui","13":"tag-west-maui","14":"entry"},"acf":[],"template_part":"\n<article class=\"article article-post post-4667 post type-post status-publish format-standard has-post-thumbnail category-local-news-es tag-announcements tag-hawaii tag-hawaii-program-staff tag-manuel-mejia tag-maui tag-west-maui entry\">\n\t<div class=\"entry-image\">\n\t\t<a href=\"https:\/\/coral.org\/es\/blog\/coral-joins-maui-nui-makai-network\/\">\n\t\t\t<img width=\"740\" height=\"300\" src=\"https:\/\/static.coral.org\/uploads\/2021\/09\/maui-hawaii-740x300.jpg\" class=\"attachment-preview size-preview wp-post-image\" alt=\"coastline maui hawaii\" decoding=\"async\" loading=\"lazy\" \/>\t\t<\/a>\n\t<\/div>\n\t<div class=\"entry-meta\">\n\t\t<ul class=\"post-categories\">\n\t<li><a href=\"https:\/\/coral.org\/es\/blog\/category\/local-news-es\/\" rel=\"category tag\">Noticias Locales<\/a><\/li><\/ul>\t<\/div>\n\t<div class=\"entry-body\">\n\t\t<h2 class=\"entry-title\"><a href=\"https:\/\/coral.org\/es\/blog\/coral-joins-maui-nui-makai-network\/\" class=\"entry-title-link\">CORAL se Une a la Red Maui Nui Makai<\/a><\/h2>\t\t<p>Coral Reef Alliance (CORAL) tiene el honor de unirse a la\u00a0Red Maui Nui Makai, una red de grupos comunitarios de todo Maui Nui que protegen y cuidan los ecosistemas marinos y costeros. La red se estableci\u00f3 en 2013 cuando las organizaciones comunitarias decidieron que ser\u00edan m\u00e1s fuertes trabajando juntas que por separado. Los miembros de&hellip; <a href=\"https:\/\/coral.org\/es\/blog\/coral-joins-maui-nui-makai-network\/\" class=\"more-link\">Sigue Leyendo &#8594;<\/a><\/p>\n\t<\/div>\n<\/article>\n","featured_image_src":"https:\/\/static.coral.org\/uploads\/2021\/09\/maui-hawaii-600x300.jpg","featured_image_src_square":"https:\/\/static.coral.org\/uploads\/2021\/09\/maui-hawaii-600x300.jpg","author_info":{"display_name":"admin","author_link":"https:\/\/coral.org\/es\/blog\/author\/admin\/"},"jetpack_featured_media_url":"https:\/\/static.coral.org\/uploads\/2021\/09\/maui-hawaii.jpg","_links":{"self":[{"href":"https:\/\/coral.org\/es\/wp-json\/wp\/v2\/posts\/4667","targetHints":{"allow":["GET"]}}],"collection":[{"href":"https:\/\/coral.org\/es\/wp-json\/wp\/v2\/posts"}],"about":[{"href":"https:\/\/coral.org\/es\/wp-json\/wp\/v2\/types\/post"}],"author":[{"embeddable":true,"href":"https:\/\/coral.org\/es\/wp-json\/wp\/v2\/users\/1"}],"replies":[{"embeddable":true,"href":"https:\/\/coral.org\/es\/wp-json\/wp\/v2\/comments?post=4667"}],"version-history":[{"count":0,"href":"https:\/\/coral.org\/es\/wp-json\/wp\/v2\/posts\/4667\/revisions"}],"wp:featuredmedia":[{"embeddable":true,"href":"https:\/\/coral.org\/es\/wp-json\/wp\/v2\/media\/4128"}],"wp:attachment":[{"href":"https:\/\/coral.org\/es\/wp-json\/wp\/v2\/media?parent=4667"}],"wp:term":[{"taxonomy":"category","embeddable":true,"href":"https:\/\/coral.org\/es\/wp-json\/wp\/v2\/categories?post=4667"},{"taxonomy":"post_tag","embeddable":true,"href":"https:\/\/coral.org\/es\/wp-json\/wp\/v2\/tags?post=4667"}],"curies":[{"name":"wp","href":"https:\/\/api.w.org\/{rel}","templated":true}]}}