{"id":4982,"date":"2021-10-18T09:45:00","date_gmt":"2021-10-18T16:45:00","guid":{"rendered":"https:\/\/coral.org\/?p=4982"},"modified":"2021-11-05T07:22:18","modified_gmt":"2021-11-05T14:22:18","slug":"coral-ha-sido-seleccionada-para-el-premio-al-liderazgo-sin-fines-de-lucro-de-the-cades-foundation%ef%bf%bc","status":"publish","type":"post","link":"https:\/\/coral.org\/es\/blog\/coral-ha-sido-seleccionada-para-el-premio-al-liderazgo-sin-fines-de-lucro-de-the-cades-foundation%ef%bf%bc\/","title":{"rendered":"CORAL ha sido Seleccionada como finalista para el Premio al Liderazgo sin Fines de Lucro de The Cades Foundation"},"content":{"rendered":"\n<p>Nos complace anunciar que CORAL ha sido seleccionada como finalista del Premio al Liderazgo Sin Fines de Lucro 2021 de The Cades Foundation, que forma parte de la 20\u00aa edici\u00f3n de los Premios al Liderazgo Empresarial, por nuestro trabajo de protecci\u00f3n de los arrecifes de coral en Haw\u00e1i. Este premio reconoce a las mejores organizaciones sin fines de lucro que abordan y responden a problemas importantes en la regi\u00f3n de Haw\u00e1i.&nbsp;<\/p>\n\n\n\n<p>El 4 de noviembre de 2021 tendr\u00e1 lugar una celebraci\u00f3n en la que se anunciar\u00e1 el ganador y se le entregar\u00e1 una donaci\u00f3n de $5,000 por cortes\u00eda de <a href=\"https:\/\/www.cades.com\/community-commitment\/cades-foundation\/\">The Cades Foundation<\/a> y <a href=\"https:\/\/www.bizjournals.com\/pacific\/\">Pacific Business News<\/a>. El Director Regional de Programa de Haw\u00e1i, Manuel Mej\u00eda, asistir\u00e1 en nombre de CORAL.<\/p>\n\n\n\n<p>Es un gran honor ser reconocidos por nuestro compromiso de salvar los arrecifes de coral, que son importantes para la econom\u00eda y la cultura local de Haw\u00e1i. Nuestro trabajo se centra en hacer frente a las amenazas locales, como la escorrent\u00eda de aguas pluviales o la contaminaci\u00f3n por aguas residuales, para mantener saludables los arrecifes de coral y ayudarlos a adaptarse al cambio clim\u00e1tico. Gracias a la ciencia de vanguardia y a nuestros programas en Maui y la isla de Haw\u00e1i, esperamos proteger los arrecifes de coral y apoyar a las comunidades costeras en a\u00f1os venideros.&nbsp;<\/p>\n\n\n\n<p><a href=\"https:\/\/coral.org\/es\/donde-trabajamos\/hawaiian-islands\/\">&nbsp;<em>Sigue leyendo para saber m\u00e1s sobre nuestras pr\u00e1cticas de conservaci\u00f3n en Haw\u00e1i.&nbsp;<\/em><\/a><\/p>\n","protected":false},"excerpt":{"rendered":"<p>Nos complace anunciar que CORAL ha sido seleccionada como finalista del Premio al Liderazgo Sin Fines de Lucro 2021 de The Cades Foundation, que forma parte de la 20\u00aa edici\u00f3n de los Premios al Liderazgo Empresarial, por nuestro trabajo de protecci\u00f3n de los arrecifes de coral en Haw\u00e1i. Este premio reconoce a las mejores organizaciones&hellip; <a href=\"https:\/\/coral.org\/es\/blog\/coral-ha-sido-seleccionada-para-el-premio-al-liderazgo-sin-fines-de-lucro-de-the-cades-foundation%ef%bf%bc\/\" class=\"more-link\">Sigue Leyendo &#8594;<\/a><\/p>\n","protected":false},"author":5,"featured_media":4575,"comment_status":"closed","ping_status":"closed","sticky":false,"template":"","format":"standard","meta":{"_acf_changed":false,"inline_featured_image":false,"_genesis_hide_title":false,"_genesis_hide_breadcrumbs":false,"_genesis_hide_singular_image":false,"_genesis_hide_footer_widgets":false,"_genesis_custom_body_class":"","_genesis_custom_post_class":"","_genesis_layout":"","_genesis_transparent_header":false,"_genesis_hide_siblings_nav":false,"_genesis_hide_flyout":false,"_genesis_subtitle":"","_genesis_subheading":"","footnotes":""},"categories":[2],"tags":[354,39],"class_list":{"0":"post-4982","1":"post","2":"type-post","3":"status-publish","4":"format-standard","5":"has-post-thumbnail","7":"category-noticias","8":"tag-announcements","9":"tag-hawaii","10":"entry"},"acf":[],"template_part":"\n<article class=\"article article-post post-4982 post type-post status-publish format-standard has-post-thumbnail category-noticias tag-announcements tag-hawaii entry\">\n\t<div class=\"entry-image\">\n\t\t<a href=\"https:\/\/coral.org\/es\/blog\/coral-ha-sido-seleccionada-para-el-premio-al-liderazgo-sin-fines-de-lucro-de-the-cades-foundation%ef%bf%bc\/\">\n\t\t\t<img width=\"740\" height=\"500\" src=\"https:\/\/static.coral.org\/uploads\/2021\/10\/fisheries-740x500.png\" class=\"attachment-preview size-preview wp-post-image\" alt=\"school of fish off the coast of Roatan, Honduras\" decoding=\"async\" loading=\"lazy\" \/>\t\t<\/a>\n\t<\/div>\n\t<div class=\"entry-meta\">\n\t\t<ul class=\"post-categories\">\n\t<li><a href=\"https:\/\/coral.org\/es\/blog\/category\/noticias\/\" rel=\"category tag\">Noticias<\/a><\/li><\/ul>\t<\/div>\n\t<div class=\"entry-body\">\n\t\t<h2 class=\"entry-title\"><a href=\"https:\/\/coral.org\/es\/blog\/coral-ha-sido-seleccionada-para-el-premio-al-liderazgo-sin-fines-de-lucro-de-the-cades-foundation%ef%bf%bc\/\" class=\"entry-title-link\">CORAL ha sido Seleccionada como finalista para el Premio al Liderazgo sin Fines de Lucro de The Cades Foundation<\/a><\/h2>\t\t<p>Nos complace anunciar que CORAL ha sido seleccionada como finalista del Premio al Liderazgo Sin Fines de Lucro 2021 de The Cades Foundation, que forma parte de la 20\u00aa edici\u00f3n de los Premios al Liderazgo Empresarial, por nuestro trabajo de protecci\u00f3n de los arrecifes de coral en Haw\u00e1i. Este premio reconoce a las mejores organizaciones&hellip; <a href=\"https:\/\/coral.org\/es\/blog\/coral-ha-sido-seleccionada-para-el-premio-al-liderazgo-sin-fines-de-lucro-de-the-cades-foundation%ef%bf%bc\/\" class=\"more-link\">Sigue Leyendo &#8594;<\/a><\/p>\n\t<\/div>\n<\/article>\n","featured_image_src":"https:\/\/static.coral.org\/uploads\/2021\/10\/fisheries-600x400.png","featured_image_src_square":"https:\/\/static.coral.org\/uploads\/2021\/10\/fisheries-600x500.png","author_info":{"display_name":"Mandy","author_link":"https:\/\/coral.org\/es\/blog\/author\/mandy\/"},"jetpack_featured_media_url":"https:\/\/static.coral.org\/uploads\/2021\/10\/fisheries.png","_links":{"self":[{"href":"https:\/\/coral.org\/es\/wp-json\/wp\/v2\/posts\/4982","targetHints":{"allow":["GET"]}}],"collection":[{"href":"https:\/\/coral.org\/es\/wp-json\/wp\/v2\/posts"}],"about":[{"href":"https:\/\/coral.org\/es\/wp-json\/wp\/v2\/types\/post"}],"author":[{"embeddable":true,"href":"https:\/\/coral.org\/es\/wp-json\/wp\/v2\/users\/5"}],"replies":[{"embeddable":true,"href":"https:\/\/coral.org\/es\/wp-json\/wp\/v2\/comments?post=4982"}],"version-history":[{"count":0,"href":"https:\/\/coral.org\/es\/wp-json\/wp\/v2\/posts\/4982\/revisions"}],"wp:featuredmedia":[{"embeddable":true,"href":"https:\/\/coral.org\/es\/wp-json\/wp\/v2\/media\/4575"}],"wp:attachment":[{"href":"https:\/\/coral.org\/es\/wp-json\/wp\/v2\/media?parent=4982"}],"wp:term":[{"taxonomy":"category","embeddable":true,"href":"https:\/\/coral.org\/es\/wp-json\/wp\/v2\/categories?post=4982"},{"taxonomy":"post_tag","embeddable":true,"href":"https:\/\/coral.org\/es\/wp-json\/wp\/v2\/tags?post=4982"}],"curies":[{"name":"wp","href":"https:\/\/api.w.org\/{rel}","templated":true}]}}