{"id":6049,"date":"2022-07-21T10:44:00","date_gmt":"2022-07-21T17:44:00","guid":{"rendered":"https:\/\/coral.org\/?p=6049"},"modified":"2022-07-25T10:48:14","modified_gmt":"2022-07-25T17:48:14","slug":"coral-esta-creando-un-impacto-en-todo-el-mundo-mira-donde-hemos-abogado-por-arrecifes-de-coral-saludables","status":"publish","type":"post","link":"https:\/\/coral.org\/es\/blog\/coral-esta-creando-un-impacto-en-todo-el-mundo-mira-donde-hemos-abogado-por-arrecifes-de-coral-saludables\/","title":{"rendered":"CORAL est\u00e1 Creando un Impacto en Todo el Mundo. Mira D\u00f3nde Hemos Abogado por Arrecifes de Coral Saludables"},"content":{"rendered":"\n<p>Aqu\u00ed en CORAL, los viajes de verano est\u00e1n en pleno apogeo. Durante las \u00faltimas semanas, nuestro personal de todo el mundo ha ampliado la misi\u00f3n de CORAL de salvar los arrecifes de coral participando en varios eventos de conservaci\u00f3n.<\/p>\n\n\n\n<p>Creemos que es vital colaborar con organizaciones y l\u00edderes en ciencia y conservaci\u00f3n para mejorar nuestro trabajo, compartir conocimientos y, en \u00faltima instancia, tomar medidas efectivas para proteger los arrecifes de coral del mundo.&nbsp;<\/p>\n\n\n\n<p>Mira d\u00f3nde hemos causado impacto, con las \u00faltimas noticias de nuestro personal:<\/p>\n\n\n\n<p><strong>Liderazgo S\u00e9nior asiste a la Conferencia de las Naciones Unidas sobre los Oc\u00e9anos<\/strong><\/p>\n\n\n\n<p>Durante la semana del 27 de junio, el personal directivo Jenny Myton y Mandy Norman representaron a CORAL en la Conferencia de las <a href=\"https:\/\/www.un.org\/en\/conferences\/ocean2022?gclid=CjwKCAjwq5-WBhB7EiwAl-HEkuSANKD2Wf6X4MLqfHiM17LqqDYnEoxIq3WS1AJbKjE7lKxqmxsX8hoC0IcQAvD_BwE\">Naciones Unidas sobre los Oc\u00e9anos<\/a> en Lisboa, Portugal. El evento fue una oportunidad para que los l\u00edderes pol\u00edticos establecieran compromisos, as\u00ed como para que las ONG y los conservacionistas hicieran presentaciones y aprendieran unos de otros.&nbsp;<\/p>\n\n\n\n<p>CORAL se uni\u00f3 a <a href=\"https:\/\/www.oceansewagealliance.org\/\">Ocean Sewage Alliance<\/a>, mientras los miembros presentaban el impacto de la contaminaci\u00f3n del agua y la necesidad de modelos efectivos de gesti\u00f3n de aguas residuales. Mientras tanto, tanto Myton como Norman colaboraron con fundaciones y agencias de desarrollo en el extranjero para ampliar nuestro trabajo.&nbsp;<\/p>\n\n\n\n<p>\u201cAdem\u00e1s de las oportunidades de colaboraci\u00f3n, uno de mis aspectos m\u00e1s destacados fue escuchar a Sylvia Earle. Es una ocean\u00f3grafa consumada y ganadora del Premio Ted\u201d, dice Myton. \u201cNos fuimos sinti\u00e9ndonos tan inspiradas por sus palabras y su llamado urgente a la acci\u00f3n\u201d.<\/p>\n\n\n\n<p>Al concluir la semana, varias <a href=\"https:\/\/press.un.org\/en\/2022\/sea2156.doc.htm\">naciones se comprometieron<\/a> a expandir las \u00c1reas Marinas Protegidas para reducir la contaminaci\u00f3n, la p\u00e9rdida de biodiversidad, la sobrepesca y otras amenazas a los oc\u00e9anos. \u201cSi estos compromisos se implementan y mantienen, ayudar\u00e1n a mejorar las condiciones de los arrecifes de coral y, en \u00faltima instancia, proteger\u00e1n a m\u00e1s de un mill\u00f3n de especies marinas\u201d, dice Myton.<\/p>\n\n\n\n<figure class=\"wp-block-image size-large\"><img loading=\"lazy\" decoding=\"async\" width=\"768\" height=\"1024\" src=\"https:\/\/coral.org\/wp-content\/uploads\/2022\/07\/WhatsApp-Image-2022-06-30-at-4.46.36-PM-1-768x1024.jpeg\" alt=\"\" class=\"wp-image-6043\" srcset=\"https:\/\/static.coral.org\/uploads\/2022\/07\/WhatsApp-Image-2022-06-30-at-4.46.36-PM-1-768x1024.jpeg 768w, https:\/\/static.coral.org\/uploads\/2022\/07\/WhatsApp-Image-2022-06-30-at-4.46.36-PM-1-597x796.jpeg 597w, https:\/\/static.coral.org\/uploads\/2022\/07\/WhatsApp-Image-2022-06-30-at-4.46.36-PM-1-1152x1536.jpeg 1152w, https:\/\/static.coral.org\/uploads\/2022\/07\/WhatsApp-Image-2022-06-30-at-4.46.36-PM-1.jpeg 1536w\" sizes=\"auto, (max-width: 768px) 100vw, 768px\" \/><\/figure>\n\n\n\n<p><strong>Personal de Conservaci\u00f3n de la Ciencia Presente en el ICRS<\/strong><\/p>\n\n\n\n<p>No mucho despu\u00e9s de la Conferencia de las Naciones Unidas sobre los Oc\u00e9anos, la Dra. Helen Fox y la Dra. Andrea Rivera-Sosa del equipo de Conservaci\u00f3n Cient\u00edfica Global de CORAL se dirigieron a Alemania para el <a href=\"https:\/\/www.icrs2022.de\/\">15.\u00b0 Simposio Internacional de Arrecifes de Coral (ICRS)<\/a> . El evento fue una oportunidad para que los cient\u00edficos de arrecifes de coral y los administradores marinos se reunieran y compartieran nuevas innovaciones, datos e investigaciones.&nbsp;<\/p>\n\n\n\n<p>Fox y Rivera-Sosa presentaron actualizaciones sobre su investigaci\u00f3n y tambi\u00e9n dirigieron un taller junto con su contraparte Brianna Bambic sobre el<a href=\"https:\/\/coral.org\/en\/blog\/the-allen-coral-atlas-introduces-the-first-comprehensive-map-of-shallow-water-coral-reefs\/?gclid=CjwKCAjw2rmWBhB4EiwAiJ0mtS3ZN9F_3ParyPKBsKVGUBj9mq6QKOKe9nGVqdlyXhCOOf9lYPnpoBoCpQEQAvD_BwE\"> <\/a><a href=\"https:\/\/coral.org\/es\/blog\/the-allen-coral-atlas-introduces-the-first-comprehensive-map-of-shallow-water-coral-reefs\/\">Allen Coral Atlas<\/a>, el primer mapa completo del mundo de los arrecifes de coral de aguas someras y su herramienta de monitoreo del blanqueamiento. Tambi\u00e9n se reunieron con otros cient\u00edficos coralinos y l\u00edderes de conservaci\u00f3n, tanto durante las sesiones formales como fuera de la conferencia.<\/p>\n\n\n\n<p>\u201cFue genial conectarme finalmente con otros cient\u00edficos en persona\u201d, dice Rivera-Sosa. \u201cTuve la oportunidad de correr la voz sobre el <a href=\"https:\/\/coral.org\/en\/icrs\/\">Allen Coral Atlas y otros proyectos de CORAL<\/a>, as\u00ed como aprender sobre nuevas investigaciones y ciencia\u201d.&nbsp;&nbsp;<\/p>\n\n\n\n<figure class=\"wp-block-image size-large\"><img loading=\"lazy\" decoding=\"async\" width=\"1024\" height=\"768\" src=\"https:\/\/coral.org\/wp-content\/uploads\/2022\/07\/20220705_191602-1024x768.jpg\" alt=\"\" class=\"wp-image-6041\" srcset=\"https:\/\/static.coral.org\/uploads\/2022\/07\/20220705_191602-1024x768.jpg 1024w, https:\/\/static.coral.org\/uploads\/2022\/07\/20220705_191602-796x597.jpg 796w, https:\/\/static.coral.org\/uploads\/2022\/07\/20220705_191602-768x576.jpg 768w, https:\/\/static.coral.org\/uploads\/2022\/07\/20220705_191602-1536x1152.jpg 1536w, https:\/\/static.coral.org\/uploads\/2022\/07\/20220705_191602-2048x1536.jpg 2048w\" sizes=\"auto, (max-width: 1024px) 100vw, 1024px\" \/><\/figure>\n\n\n\n<p><strong>El Equipo de Haw\u00e1i Aboga por el Agua Limpia en la Conferencia HRWA<\/strong><\/p>\n\n\n\n<p>A continuaci\u00f3n, viajamos dentro de Haw\u00e1i para asistir a la Conferencia de la Asociaci\u00f3n de Agua Rural de <a href=\"https:\/\/www.hrwa.net\/hrwa-conference.html\">Haw\u00e1i<\/a> <a href=\"https:\/\/www.hrwa.net\/hrwa-conference.html\">(HRWA).<\/a> Aproximadamente 200 profesionales de agua y aguas residuales asistieron y tanto Jennifer Vander Veur como Erica Perez, gerentes s\u00e9nior de programa en Haw\u00e1i, hicieron presentaciones sobre nuestro trabajo en Maui y la isla de Haw\u00e1i.<\/p>\n\n\n\n<p>Vander Veur y Perez demostraron las repercusiones de la mala calidad del agua como resultado de la contaminaci\u00f3n terrestre. La sedimentaci\u00f3n y la contaminaci\u00f3n de las aguas residuales est\u00e1n afectando negativamente a los ecosistemas de arrecifes de coral de Haw\u00e1i, y CORAL est\u00e1 liderando iniciativas para abordar el problema. Vander Veur se centr\u00f3 en la gesti\u00f3n de cuencas hidrogr\u00e1ficas y detall\u00f3 las formas en que la escorrent\u00eda de sedimentos est\u00e1 afectando nuestros recursos h\u00eddricos aguas abajo, mientras que Perez dirigi\u00f3 un taller sobre la transici\u00f3n de Haw\u00e1i para alejarse de los pozos negros, que cada d\u00eda descargan aproximadamente 53 millones de galones de aguas residuales sin tratar en las aguas subterr\u00e1neas y los sistemas cercanos a la costa en todo el estado.&nbsp;<\/p>\n\n\n\n<p>Al asistir a esta conferencia t\u00e9cnica y trabajar con profesionales de la industria del agua, nuestro personal de campo reuni\u00f3 informaci\u00f3n valiosa de los profesionales de la industria que pueden informar mejor a los grupos de trabajo estatales de Haw\u00e1i y, en \u00faltima instancia, implementar soluciones efectivas de agua y saneamiento en todo el estado.<\/p>\n\n\n\n<figure class=\"wp-block-image size-large\"><img loading=\"lazy\" decoding=\"async\" width=\"1024\" height=\"767\" src=\"https:\/\/coral.org\/wp-content\/uploads\/2022\/07\/WhatsApp-Image-2022-07-21-at-10.35.31-AM-1024x767.jpeg\" alt=\"\" class=\"wp-image-6044\" srcset=\"https:\/\/static.coral.org\/uploads\/2022\/07\/WhatsApp-Image-2022-07-21-at-10.35.31-AM-1024x767.jpeg 1024w, https:\/\/static.coral.org\/uploads\/2022\/07\/WhatsApp-Image-2022-07-21-at-10.35.31-AM-796x596.jpeg 796w, https:\/\/static.coral.org\/uploads\/2022\/07\/WhatsApp-Image-2022-07-21-at-10.35.31-AM-768x575.jpeg 768w, https:\/\/static.coral.org\/uploads\/2022\/07\/WhatsApp-Image-2022-07-21-at-10.35.31-AM-1536x1151.jpeg 1536w, https:\/\/static.coral.org\/uploads\/2022\/07\/WhatsApp-Image-2022-07-21-at-10.35.31-AM.jpeg 2048w\" sizes=\"auto, (max-width: 1024px) 100vw, 1024px\" \/><\/figure>\n\n\n\n<p><strong>El Coordinador Principal de Programa para la Costa Norte de Honduras Viaja para un Programa de Liderazgo<\/strong><\/p>\n\n\n\n<p>Para culminar el viaje de verano de CORAL, Julio San Mart\u00edn Chicas, coordinador principal de programa de CORAL para la Costa Norte de Honduras, fue aceptado en el prestigioso <a href=\"https:\/\/eca.state.gov\/ivlp\">Programa&nbsp; de Liderazgo de Visitantes Internacionales del Departamento de Estado de los Estados Unidos<\/a> para representar a Honduras en el programa \u00abResiliencia, Protecci\u00f3n y Conservaci\u00f3n Ambiental\u00bb. Recientemente viaj\u00f3 a varias ciudades de los EE. UU. para este intercambio de tres semanas.<\/p>\n\n\n\n<p>Junto con profesionales de toda Am\u00e9rica Latina, San Mart\u00edn Chicas particip\u00f3 en programas relacionados con las pol\u00edticas de los EE. UU. e hizo conexiones significativas que mejorar\u00e1n y aprovechar\u00e1n las iniciativas locales de conservaci\u00f3n en Honduras.&nbsp;<\/p>\n\n\n\n<p>\u201cEstoy muy orgullosa de Julio y de lo lejos que ha llegado como profesional y representante de CORAL\u201d, dice la Dra. Antonella Rivera, quien nomin\u00f3 al programa a San Mart\u00edn Chicas. \u201cEste fue un programa muy competitivo, para el cual nuestro equipo de campo en Honduras lo nomin\u00f3\u201d.<\/p>\n\n\n\n<figure class=\"wp-block-image size-full\"><img loading=\"lazy\" decoding=\"async\" width=\"1024\" height=\"768\" src=\"https:\/\/coral.org\/wp-content\/uploads\/2022\/07\/IMG-20220606-WA0012.jpg\" alt=\"\" class=\"wp-image-6038\" srcset=\"https:\/\/static.coral.org\/uploads\/2022\/07\/IMG-20220606-WA0012.jpg 1024w, https:\/\/static.coral.org\/uploads\/2022\/07\/IMG-20220606-WA0012-796x597.jpg 796w, https:\/\/static.coral.org\/uploads\/2022\/07\/IMG-20220606-WA0012-768x576.jpg 768w\" sizes=\"auto, (max-width: 1024px) 100vw, 1024px\" \/><\/figure>\n\n\n\n<figure class=\"wp-block-image size-large\"><img loading=\"lazy\" decoding=\"async\" width=\"768\" height=\"1024\" src=\"https:\/\/coral.org\/wp-content\/uploads\/2022\/07\/IMG_20220606_164050-768x1024.jpg\" alt=\"\" class=\"wp-image-6040\" srcset=\"https:\/\/static.coral.org\/uploads\/2022\/07\/IMG_20220606_164050-768x1024.jpg 768w, https:\/\/static.coral.org\/uploads\/2022\/07\/IMG_20220606_164050-597x796.jpg 597w, https:\/\/static.coral.org\/uploads\/2022\/07\/IMG_20220606_164050-1152x1536.jpg 1152w, https:\/\/static.coral.org\/uploads\/2022\/07\/IMG_20220606_164050-1536x2048.jpg 1536w, https:\/\/static.coral.org\/uploads\/2022\/07\/IMG_20220606_164050-scaled.jpg 1920w\" sizes=\"auto, (max-width: 768px) 100vw, 768px\" \/><\/figure>\n\n\n\n<p>Sin duda, ha sido un verano de gran impacto. Estamos ansiosos por viajar de nuevo y tener la oportunidad de compartir nuestro mensaje con nuevas audiencias, colaborar con grupos afines y dar pasos significativos para salvar los arrecifes de coral del mundo.&nbsp;<\/p>\n","protected":false},"excerpt":{"rendered":"<p>Aqu\u00ed en CORAL, los viajes de verano est\u00e1n en pleno apogeo. Durante las \u00faltimas semanas, nuestro personal de todo el mundo ha ampliado la misi\u00f3n de CORAL de salvar los arrecifes de coral participando en varios eventos de conservaci\u00f3n. Creemos que es vital colaborar con organizaciones y l\u00edderes en ciencia y conservaci\u00f3n para mejorar nuestro&hellip; <a href=\"https:\/\/coral.org\/es\/blog\/coral-esta-creando-un-impacto-en-todo-el-mundo-mira-donde-hemos-abogado-por-arrecifes-de-coral-saludables\/\" class=\"more-link\">Sigue Leyendo &#8594;<\/a><\/p>\n","protected":false},"author":5,"featured_media":6044,"comment_status":"closed","ping_status":"closed","sticky":false,"template":"","format":"standard","meta":{"_acf_changed":false,"inline_featured_image":false,"_genesis_hide_title":false,"_genesis_hide_breadcrumbs":false,"_genesis_hide_singular_image":true,"_genesis_hide_footer_widgets":false,"_genesis_custom_body_class":"","_genesis_custom_post_class":"","_genesis_layout":"","_genesis_transparent_header":false,"_genesis_hide_siblings_nav":false,"_genesis_hide_flyout":false,"_genesis_subtitle":"","_genesis_subheading":"","footnotes":""},"categories":[2],"tags":[304,303,302,301],"class_list":{"0":"post-6049","1":"post","2":"type-post","3":"status-publish","4":"format-standard","5":"has-post-thumbnail","7":"category-noticias","8":"tag-conservation-science-staff","9":"tag-hawaii-program-staff","10":"tag-mesoamerican-region-program-staff","11":"tag-senior-leadership-staff","12":"entry"},"acf":[],"template_part":"\n<article class=\"article article-post post-6049 post type-post status-publish format-standard has-post-thumbnail category-noticias tag-conservation-science-staff tag-hawaii-program-staff tag-mesoamerican-region-program-staff tag-senior-leadership-staff entry\">\n\t<div class=\"entry-image\">\n\t\t<a href=\"https:\/\/coral.org\/es\/blog\/coral-esta-creando-un-impacto-en-todo-el-mundo-mira-donde-hemos-abogado-por-arrecifes-de-coral-saludables\/\">\n\t\t\t<img width=\"740\" height=\"560\" src=\"https:\/\/static.coral.org\/uploads\/2022\/07\/WhatsApp-Image-2022-07-21-at-10.35.31-AM-740x560.jpeg\" class=\"attachment-preview size-preview wp-post-image\" alt=\"\" decoding=\"async\" loading=\"lazy\" \/>\t\t<\/a>\n\t<\/div>\n\t<div class=\"entry-meta\">\n\t\t<ul class=\"post-categories\">\n\t<li><a href=\"https:\/\/coral.org\/es\/blog\/category\/noticias\/\" rel=\"category tag\">Noticias<\/a><\/li><\/ul>\t<\/div>\n\t<div class=\"entry-body\">\n\t\t<h2 class=\"entry-title\"><a href=\"https:\/\/coral.org\/es\/blog\/coral-esta-creando-un-impacto-en-todo-el-mundo-mira-donde-hemos-abogado-por-arrecifes-de-coral-saludables\/\" class=\"entry-title-link\">CORAL est\u00e1 Creando un Impacto en Todo el Mundo. Mira D\u00f3nde Hemos Abogado por Arrecifes de Coral Saludables<\/a><\/h2>\t\t<p>Aqu\u00ed en CORAL, los viajes de verano est\u00e1n en pleno apogeo. Durante las \u00faltimas semanas, nuestro personal de todo el mundo ha ampliado la misi\u00f3n de CORAL de salvar los arrecifes de coral participando en varios eventos de conservaci\u00f3n. Creemos que es vital colaborar con organizaciones y l\u00edderes en ciencia y conservaci\u00f3n para mejorar nuestro&hellip; <a href=\"https:\/\/coral.org\/es\/blog\/coral-esta-creando-un-impacto-en-todo-el-mundo-mira-donde-hemos-abogado-por-arrecifes-de-coral-saludables\/\" class=\"more-link\">Sigue Leyendo &#8594;<\/a><\/p>\n\t<\/div>\n<\/article>\n","featured_image_src":"https:\/\/static.coral.org\/uploads\/2022\/07\/WhatsApp-Image-2022-07-21-at-10.35.31-AM-600x400.jpeg","featured_image_src_square":"https:\/\/static.coral.org\/uploads\/2022\/07\/WhatsApp-Image-2022-07-21-at-10.35.31-AM-600x600.jpeg","author_info":{"display_name":"Mandy","author_link":"https:\/\/coral.org\/es\/blog\/author\/mandy\/"},"jetpack_featured_media_url":"https:\/\/static.coral.org\/uploads\/2022\/07\/WhatsApp-Image-2022-07-21-at-10.35.31-AM.jpeg","_links":{"self":[{"href":"https:\/\/coral.org\/es\/wp-json\/wp\/v2\/posts\/6049","targetHints":{"allow":["GET"]}}],"collection":[{"href":"https:\/\/coral.org\/es\/wp-json\/wp\/v2\/posts"}],"about":[{"href":"https:\/\/coral.org\/es\/wp-json\/wp\/v2\/types\/post"}],"author":[{"embeddable":true,"href":"https:\/\/coral.org\/es\/wp-json\/wp\/v2\/users\/5"}],"replies":[{"embeddable":true,"href":"https:\/\/coral.org\/es\/wp-json\/wp\/v2\/comments?post=6049"}],"version-history":[{"count":0,"href":"https:\/\/coral.org\/es\/wp-json\/wp\/v2\/posts\/6049\/revisions"}],"wp:featuredmedia":[{"embeddable":true,"href":"https:\/\/coral.org\/es\/wp-json\/wp\/v2\/media\/6044"}],"wp:attachment":[{"href":"https:\/\/coral.org\/es\/wp-json\/wp\/v2\/media?parent=6049"}],"wp:term":[{"taxonomy":"category","embeddable":true,"href":"https:\/\/coral.org\/es\/wp-json\/wp\/v2\/categories?post=6049"},{"taxonomy":"post_tag","embeddable":true,"href":"https:\/\/coral.org\/es\/wp-json\/wp\/v2\/tags?post=6049"}],"curies":[{"name":"wp","href":"https:\/\/api.w.org\/{rel}","templated":true}]}}