{"id":6363,"date":"2022-12-07T13:01:00","date_gmt":"2022-12-07T21:01:00","guid":{"rendered":"https:\/\/coral.org\/?p=6363"},"modified":"2022-12-14T13:03:22","modified_gmt":"2022-12-14T21:03:22","slug":"una-carta-abierta-para-salvar-nuestro-planeta-de-la-defensora-mas-joven-de-coral","status":"publish","type":"post","link":"https:\/\/coral.org\/es\/blog\/una-carta-abierta-para-salvar-nuestro-planeta-de-la-defensora-mas-joven-de-coral\/","title":{"rendered":"Una Carta Abierta para Salvar Nuestro Planeta \u2013 de la Defensora m\u00e1s Joven de CORAL"},"content":{"rendered":"\n<p><em><strong><em>Cuando Maya, de 8 a\u00f1os, aprendi\u00f3 sobre los arrecifes de coral, se sinti\u00f3 intrigada al instante por sus colores vibrantes, sus caracter\u00edsticas \u00fanicas y los innumerables beneficios que aportan a la vida silvestre del oc\u00e9ano y a las comunidades costeras. Tambi\u00e9n se sinti\u00f3 asustada y profundamente disgustada al enterarse de que los arrecifes de coral est\u00e1n disminuyendo a un ritmo alarmante. Motivada para actuar, Maya nos escribi\u00f3 una carta abierta. Esto es lo que nos dijo:<\/em><\/strong><\/em><\/p>\n\n\n\n<h2 class=\"wp-block-heading\">Salvar el Planeta Tierra<\/h2>\n\n\n\n<p><strong>Por: Maya, Age 8<\/strong><\/p>\n\n\n\n<p>Los arrecifes de coral son importantes porque pueden prevenir muchas cosas y pueden hacer muchas cosas. Una de ellas es que sirven de hogar a los animales. Uno de cada cuatro animales marinos vive en arrecifes de coral. Peces payaso, almejas gigantes, tortugas y muchos otros tipos de peces tienen su hogar en los arrecifes de coral. Los corales ayudan a los animales a esconderse de los depredadores y a conseguir comida. Un dato curioso sobre los peces payaso en los corales es que son muy coloridos para poder camuflarse con el coral. Adem\u00e1s de ayudar a los animales, los corales ayudan a proteger las islas de las grandes olas que vienen a destruirlas, atacarlas y erosionarlas.&nbsp;<\/p>\n\n\n\n<p>Pero los arrecifes de coral se est\u00e1n blanqueando debido a la actividad humana, el calentamiento de los oc\u00e9anos y los gases de efecto invernadero. Una de las causas es la contaminaci\u00f3n, como fertilizantes, pesticidas, aguas residuales, derrames de petr\u00f3leo y perforaciones petrol\u00edferas. Otra causa son los gases de efecto invernadero, como el di\u00f3xido de carbono. Cuando el di\u00f3xido de carbono se mezcla con el agua salada crea \u00e1cido. El \u00e1cido ayuda a los corales a blanquearse, lo que no es \u00fatil. Los gases de efecto invernadero tambi\u00e9n provocan el calentamiento global. El calentamiento global hace que los glaciares y los icebergs se fundan en el oc\u00e9ano y que \u00e9ste suba. Los corales no pueden crecer porque no reciben suficiente luz solar. Los arrecifes de coral tambi\u00e9n se est\u00e1n blanqueando debido al calentamiento global y a que el oc\u00e9ano se est\u00e1 calentando demasiado. El aumento de la temperatura del agua retrasa el crecimiento del coral. Otra forma de blanqueamiento del coral es que las algas abandonan el coral cuando el agua se calienta demasiado y esto puede matar al coral.&nbsp;<\/p>\n\n\n\n<p>Tenemos que empezar a proteger nuestros arrecifes de coral porque es ahora o nunca. Si el coral se blanquea, el arrecife desaparece. Si el arrecife desaparece, desaparecen los animales. Si se van los animales, se va el oc\u00e9ano. Si el oc\u00e9ano se va, entonces el planeta no es un planeta. Se crea toda esta cadena.<\/p>\n\n\n\n<figure class=\"wp-block-image aligncenter size-large is-resized\"><img loading=\"lazy\" decoding=\"async\" src=\"https:\/\/coral.org\/wp-content\/uploads\/2022\/12\/The-Ocean-Agency-Ocean-Image-Bank-1024x683.png\" alt=\"\" class=\"wp-image-6357\" width=\"840\" height=\"560\" srcset=\"https:\/\/static.coral.org\/uploads\/2022\/12\/The-Ocean-Agency-Ocean-Image-Bank-1024x683.png 1024w, https:\/\/static.coral.org\/uploads\/2022\/12\/The-Ocean-Agency-Ocean-Image-Bank-796x531.png 796w, https:\/\/static.coral.org\/uploads\/2022\/12\/The-Ocean-Agency-Ocean-Image-Bank-768x512.png 768w, https:\/\/static.coral.org\/uploads\/2022\/12\/The-Ocean-Agency-Ocean-Image-Bank-1536x1024.png 1536w, https:\/\/static.coral.org\/uploads\/2022\/12\/The-Ocean-Agency-Ocean-Image-Bank-600x400.png 600w, https:\/\/static.coral.org\/uploads\/2022\/12\/The-Ocean-Agency-Ocean-Image-Bank.png 1800w\" sizes=\"auto, (max-width: 840px) 100vw, 840px\" \/><figcaption>Photo Credit: The Ocean Agency \/ Ocean Image Bank<\/figcaption><\/figure>\n\n\n\n<p><strong>Ya que tenemos que proteger el coral ahora, estas son algunas formas de hacerlo:<\/strong><\/p>\n\n\n\n<ol class=\"wp-block-list\"><li>Comer menos carne. La carne que come la mayor\u00eda de la gente es de res y cuando las vacas se tiran flatulencias liberan metano que es un tipo de gas de efecto invernadero.<\/li><li>Si compras pescado, pregunta de d\u00f3nde viene porque puede que algunas personas lo hayan pescado ilegalmente de un arrecife de coral.&nbsp;<\/li><li>Camina o utiliza el transporte p\u00fablico. Si caminas o utilizas el transporte p\u00fablico, no est\u00e1s utilizando ning\u00fan gas que pueda liberarse al aire y contamine la atm\u00f3sfera. Este gas se convierte en di\u00f3xido de carbono que provoca temperaturas m\u00e1s c\u00e1lidas.<\/li><li>Usa menos electricidad. Cuando usamos electricidad, quemamos combustibles f\u00f3siles de una planta de carb\u00f3n y esto crea gases de efecto invernadero.<\/li><li>Reciclar y generar menos basura para que no vaya a parar a los mares.<\/li><li>Utiliza recursos naturales para el c\u00e9sped y productos de limpieza naturales para tu casa. Aseg\u00farate de que no tiene pesticidas.<\/li><li>Comparte lo que has aprendido con otras personas para que tambi\u00e9n puedan hacerlo.<\/li><\/ol>\n\n\n\n<figure class=\"wp-block-image aligncenter size-large is-resized\"><img loading=\"lazy\" decoding=\"async\" src=\"https:\/\/coral.org\/wp-content\/uploads\/2022\/12\/Grant-Thomas-Ocean-Image-Bank-1024x683.png\" alt=\"\" class=\"wp-image-6356\" width=\"1024\" height=\"683\" srcset=\"https:\/\/static.coral.org\/uploads\/2022\/12\/Grant-Thomas-Ocean-Image-Bank-1024x683.png 1024w, https:\/\/static.coral.org\/uploads\/2022\/12\/Grant-Thomas-Ocean-Image-Bank-796x531.png 796w, https:\/\/static.coral.org\/uploads\/2022\/12\/Grant-Thomas-Ocean-Image-Bank-768x512.png 768w, https:\/\/static.coral.org\/uploads\/2022\/12\/Grant-Thomas-Ocean-Image-Bank-1536x1024.png 1536w, https:\/\/static.coral.org\/uploads\/2022\/12\/Grant-Thomas-Ocean-Image-Bank-600x400.png 600w, https:\/\/static.coral.org\/uploads\/2022\/12\/Grant-Thomas-Ocean-Image-Bank.png 1800w\" sizes=\"auto, (max-width: 1024px) 100vw, 1024px\" \/><figcaption>Photo Credit: Grant Thomas \/ Ocean Image Bank<\/figcaption><\/figure>\n\n\n\n<p>Si haces estas cosas, podemos ayudar a salvar los arrecifes de coral. Si eres como yo, una persona que est\u00e1 muy triste por el blanqueamiento de los arrecifes de coral, no est\u00e9s triste. Siempre podemos remediarlo. Siempre podemos hacer discursos y pancartas e ir a protestar. Tambi\u00e9n <a href=\"https:\/\/give.coral.org\/give\/406853\/?_ga=2.17065401.1228110277.1670942575-1146605279.1666197353#!\/donation\/checkout\">podemos apoyar a organizaciones<\/a> que investigan los arrecifes de coral, como la Coral Reef Alliance. Si hacemos todo esto, nuestro planeta no se destruir\u00e1 y podremos salvar nuestro Planeta Tierra, nuestro hogar donde vivimos.&nbsp;<\/p>\n\n\n\n<p><em><strong><em>Gracias por compartir tus ideas, Maya. Nos encantar\u00eda seguir teniendo noticias de otros j\u00f3venes activistas y defensores de los arrecifes de coral. Ayuda a apoyar nuestra misi\u00f3n <a href=\"mailto:communications@coral.org\">enviando tu propia carta abierta<\/a> (o anima a tus hijos a escribir una<\/em><\/strong><\/em>.<\/p>\n","protected":false},"excerpt":{"rendered":"<p>Cuando Maya, de 8 a\u00f1os, aprendi\u00f3 sobre los arrecifes de coral, se sinti\u00f3 intrigada al instante por sus colores vibrantes, sus caracter\u00edsticas \u00fanicas y los innumerables beneficios que aportan a la vida silvestre del oc\u00e9ano y a las comunidades costeras. Tambi\u00e9n se sinti\u00f3 asustada y profundamente disgustada al enterarse de que los arrecifes de coral&hellip; <a href=\"https:\/\/coral.org\/es\/blog\/una-carta-abierta-para-salvar-nuestro-planeta-de-la-defensora-mas-joven-de-coral\/\" class=\"more-link\">Sigue Leyendo &#8594;<\/a><\/p>\n","protected":false},"author":5,"featured_media":6355,"comment_status":"closed","ping_status":"closed","sticky":false,"template":"","format":"standard","meta":{"_acf_changed":false,"inline_featured_image":false,"_genesis_hide_title":false,"_genesis_hide_breadcrumbs":false,"_genesis_hide_singular_image":false,"_genesis_hide_footer_widgets":false,"_genesis_custom_body_class":"","_genesis_custom_post_class":"","_genesis_layout":"","_genesis_transparent_header":false,"_genesis_hide_siblings_nav":false,"_genesis_hide_flyout":false,"_genesis_subtitle":"","_genesis_subheading":"","footnotes":""},"categories":[338],"tags":[315],"class_list":{"0":"post-6363","1":"post","2":"type-post","3":"status-publish","4":"format-standard","5":"has-post-thumbnail","7":"category-what-you-can-do-es","8":"tag-tips","9":"entry"},"acf":[],"template_part":"\n<article class=\"article article-post post-6363 post type-post status-publish format-standard has-post-thumbnail category-what-you-can-do-es tag-tips entry\">\n\t<div class=\"entry-image\">\n\t\t<a href=\"https:\/\/coral.org\/es\/blog\/una-carta-abierta-para-salvar-nuestro-planeta-de-la-defensora-mas-joven-de-coral\/\">\n\t\t\t<img width=\"740\" height=\"560\" src=\"https:\/\/static.coral.org\/uploads\/2022\/12\/Maya-3-740x560.png\" class=\"attachment-preview size-preview wp-post-image\" alt=\"\" decoding=\"async\" loading=\"lazy\" \/>\t\t<\/a>\n\t<\/div>\n\t<div class=\"entry-meta\">\n\t\t<ul class=\"post-categories\">\n\t<li><a href=\"https:\/\/coral.org\/es\/blog\/category\/what-you-can-do-es\/\" rel=\"category tag\">Lo que puedes hacer<\/a><\/li><\/ul>\t<\/div>\n\t<div class=\"entry-body\">\n\t\t<h2 class=\"entry-title\"><a href=\"https:\/\/coral.org\/es\/blog\/una-carta-abierta-para-salvar-nuestro-planeta-de-la-defensora-mas-joven-de-coral\/\" class=\"entry-title-link\">Una Carta Abierta para Salvar Nuestro Planeta \u2013 de la Defensora m\u00e1s Joven de CORAL<\/a><\/h2>\t\t<p>Cuando Maya, de 8 a\u00f1os, aprendi\u00f3 sobre los arrecifes de coral, se sinti\u00f3 intrigada al instante por sus colores vibrantes, sus caracter\u00edsticas \u00fanicas y los innumerables beneficios que aportan a la vida silvestre del oc\u00e9ano y a las comunidades costeras. Tambi\u00e9n se sinti\u00f3 asustada y profundamente disgustada al enterarse de que los arrecifes de coral&hellip; <a href=\"https:\/\/coral.org\/es\/blog\/una-carta-abierta-para-salvar-nuestro-planeta-de-la-defensora-mas-joven-de-coral\/\" class=\"more-link\">Sigue Leyendo &#8594;<\/a><\/p>\n\t<\/div>\n<\/article>\n","featured_image_src":"https:\/\/static.coral.org\/uploads\/2022\/12\/Maya-3-600x400.png","featured_image_src_square":"https:\/\/static.coral.org\/uploads\/2022\/12\/Maya-3-600x600.png","author_info":{"display_name":"Mandy","author_link":"https:\/\/coral.org\/es\/blog\/author\/mandy\/"},"jetpack_featured_media_url":"https:\/\/static.coral.org\/uploads\/2022\/12\/Maya-3.png","_links":{"self":[{"href":"https:\/\/coral.org\/es\/wp-json\/wp\/v2\/posts\/6363","targetHints":{"allow":["GET"]}}],"collection":[{"href":"https:\/\/coral.org\/es\/wp-json\/wp\/v2\/posts"}],"about":[{"href":"https:\/\/coral.org\/es\/wp-json\/wp\/v2\/types\/post"}],"author":[{"embeddable":true,"href":"https:\/\/coral.org\/es\/wp-json\/wp\/v2\/users\/5"}],"replies":[{"embeddable":true,"href":"https:\/\/coral.org\/es\/wp-json\/wp\/v2\/comments?post=6363"}],"version-history":[{"count":0,"href":"https:\/\/coral.org\/es\/wp-json\/wp\/v2\/posts\/6363\/revisions"}],"wp:featuredmedia":[{"embeddable":true,"href":"https:\/\/coral.org\/es\/wp-json\/wp\/v2\/media\/6355"}],"wp:attachment":[{"href":"https:\/\/coral.org\/es\/wp-json\/wp\/v2\/media?parent=6363"}],"wp:term":[{"taxonomy":"category","embeddable":true,"href":"https:\/\/coral.org\/es\/wp-json\/wp\/v2\/categories?post=6363"},{"taxonomy":"post_tag","embeddable":true,"href":"https:\/\/coral.org\/es\/wp-json\/wp\/v2\/tags?post=6363"}],"curies":[{"name":"wp","href":"https:\/\/api.w.org\/{rel}","templated":true}]}}