{"id":6413,"date":"2023-02-15T06:34:32","date_gmt":"2023-02-15T14:34:32","guid":{"rendered":"https:\/\/coral.org\/?p=6413"},"modified":"2023-02-15T06:34:34","modified_gmt":"2023-02-15T14:34:34","slug":"dos-miembros-del-personal-de-coral-han-sido-seleccionados-para-un-programa-de-liderazgo-en-conservacion","status":"publish","type":"post","link":"https:\/\/coral.org\/es\/blog\/dos-miembros-del-personal-de-coral-han-sido-seleccionados-para-un-programa-de-liderazgo-en-conservacion\/","title":{"rendered":"Dos Miembros del Personal de CORAL han Sido Seleccionados Para un Programa de Liderazgo en Conservaci\u00f3n"},"content":{"rendered":"\n<p>En las \u00faltimas semanas, dos miembros del personal de CORAL del Caribe Occidental participaron en un programa de liderazgo dirigido por <a href=\"https:\/\/surestesostenible.org\/our-work\/\">Sureste Sostenible<\/a>, que ofreci\u00f3 una oportunidad \u00fanica para que los conservacionistas de arrecifes de coral avanzaran en su trabajo.&nbsp;<\/p>\n\n\n\n<p>Se seleccionaron 21 conservacionistas de arrecifes de coral, entre ellos la Dra. Andrea Rivera-Sosa, Directora de Proyectos y Divulgaci\u00f3n de CORAL, y Christian Torres, Coordinador de Programas de las Islas de la Bah\u00eda. \u00abEstoy muy contenta de haber podido participar en este programa\u00bb, dice Rivera-Sosa. \u00abPudimos colaborar con socios y profesionales que pueden ayudarnos a ampliar nuestro alcance, al tiempo que desarrollamos capacidades empresariales para seguir poniendo en marcha iniciativas que protejan los arrecifes de coral.\u00bb<\/p>\n\n\n\n<p>Durante el programa, Torres adquiri\u00f3 conocimientos para impulsar <a href=\"https:\/\/gobluebayislands.com\/\">Go Blue<\/a>, un programa de formaci\u00f3n en las Islas de la Bah\u00eda de Honduras que aboga por un enfoque responsable y sostenible del turismo. Mientras tanto, Rivera-Sosa empez\u00f3 a encabezar un nuevo proyecto centrado en la reutilizaci\u00f3n de materiales reciclados. Si el proyecto tiene \u00e9xito, Rivera-Sosa espera aplicarlo en Cozumel (M\u00e9xico) para hacer frente a la contaminaci\u00f3n por residuos que afecta a los arrecifes de coral.<\/p>\n\n\n\n<p>Como siguiente paso, Rivera-Sosa y Torres se traen de vuelta los conocimientos y las nuevas alianzas establecidas para hacer avanzar estas iniciativas y, en \u00faltima instancia, educar a sus comunidades, abogar por soluciones innovadoras y proteger los arrecifes de coral de la regi\u00f3n.<\/p>\n","protected":false},"excerpt":{"rendered":"<p>En las \u00faltimas semanas, dos miembros del personal de CORAL del Caribe Occidental participaron en un programa de liderazgo dirigido por Sureste Sostenible, que ofreci\u00f3 una oportunidad \u00fanica para que los conservacionistas de arrecifes de coral avanzaran en su trabajo.&nbsp; Se seleccionaron 21 conservacionistas de arrecifes de coral, entre ellos la Dra. Andrea Rivera-Sosa, Directora&hellip; <a href=\"https:\/\/coral.org\/es\/blog\/dos-miembros-del-personal-de-coral-han-sido-seleccionados-para-un-programa-de-liderazgo-en-conservacion\/\" class=\"more-link\">Sigue Leyendo &#8594;<\/a><\/p>\n","protected":false},"author":5,"featured_media":6400,"comment_status":"closed","ping_status":"closed","sticky":false,"template":"","format":"standard","meta":{"_acf_changed":false,"inline_featured_image":false,"_genesis_hide_title":false,"_genesis_hide_breadcrumbs":false,"_genesis_hide_singular_image":false,"_genesis_hide_footer_widgets":false,"_genesis_custom_body_class":"","_genesis_custom_post_class":"","_genesis_layout":"","_genesis_transparent_header":false,"_genesis_hide_siblings_nav":false,"_genesis_hide_flyout":false,"_genesis_subtitle":"","_genesis_subheading":"","footnotes":""},"categories":[2],"tags":[354,16,256],"class_list":{"0":"post-6413","1":"post","2":"type-post","3":"status-publish","4":"format-standard","5":"has-post-thumbnail","7":"category-noticias","8":"tag-announcements","9":"tag-honduras","10":"tag-mesoamerican","11":"entry"},"acf":[],"template_part":"\n<article class=\"article article-post post-6413 post type-post status-publish format-standard has-post-thumbnail category-noticias tag-announcements tag-honduras tag-mesoamerican entry\">\n\t<div class=\"entry-image\">\n\t\t<a href=\"https:\/\/coral.org\/es\/blog\/dos-miembros-del-personal-de-coral-han-sido-seleccionados-para-un-programa-de-liderazgo-en-conservacion\/\">\n\t\t\t<img width=\"740\" height=\"560\" src=\"https:\/\/static.coral.org\/uploads\/2023\/02\/WhatsApp-Image-2023-01-24-at-5.07.25-PM-740x560.jpeg\" class=\"attachment-preview size-preview wp-post-image\" alt=\"\" decoding=\"async\" loading=\"lazy\" \/>\t\t<\/a>\n\t<\/div>\n\t<div class=\"entry-meta\">\n\t\t<ul class=\"post-categories\">\n\t<li><a href=\"https:\/\/coral.org\/es\/blog\/category\/noticias\/\" rel=\"category tag\">Noticias<\/a><\/li><\/ul>\t<\/div>\n\t<div class=\"entry-body\">\n\t\t<h2 class=\"entry-title\"><a href=\"https:\/\/coral.org\/es\/blog\/dos-miembros-del-personal-de-coral-han-sido-seleccionados-para-un-programa-de-liderazgo-en-conservacion\/\" class=\"entry-title-link\">Dos Miembros del Personal de CORAL han Sido Seleccionados Para un Programa de Liderazgo en Conservaci\u00f3n<\/a><\/h2>\t\t<p>En las \u00faltimas semanas, dos miembros del personal de CORAL del Caribe Occidental participaron en un programa de liderazgo dirigido por Sureste Sostenible, que ofreci\u00f3 una oportunidad \u00fanica para que los conservacionistas de arrecifes de coral avanzaran en su trabajo.&nbsp; Se seleccionaron 21 conservacionistas de arrecifes de coral, entre ellos la Dra. Andrea Rivera-Sosa, Directora&hellip; <a href=\"https:\/\/coral.org\/es\/blog\/dos-miembros-del-personal-de-coral-han-sido-seleccionados-para-un-programa-de-liderazgo-en-conservacion\/\" class=\"more-link\">Sigue Leyendo &#8594;<\/a><\/p>\n\t<\/div>\n<\/article>\n","featured_image_src":"https:\/\/static.coral.org\/uploads\/2023\/02\/WhatsApp-Image-2023-01-24-at-5.07.25-PM-600x400.jpeg","featured_image_src_square":"https:\/\/static.coral.org\/uploads\/2023\/02\/WhatsApp-Image-2023-01-24-at-5.07.25-PM-600x600.jpeg","author_info":{"display_name":"Mandy","author_link":"https:\/\/coral.org\/es\/blog\/author\/mandy\/"},"jetpack_featured_media_url":"https:\/\/static.coral.org\/uploads\/2023\/02\/WhatsApp-Image-2023-01-24-at-5.07.25-PM.jpeg","_links":{"self":[{"href":"https:\/\/coral.org\/es\/wp-json\/wp\/v2\/posts\/6413","targetHints":{"allow":["GET"]}}],"collection":[{"href":"https:\/\/coral.org\/es\/wp-json\/wp\/v2\/posts"}],"about":[{"href":"https:\/\/coral.org\/es\/wp-json\/wp\/v2\/types\/post"}],"author":[{"embeddable":true,"href":"https:\/\/coral.org\/es\/wp-json\/wp\/v2\/users\/5"}],"replies":[{"embeddable":true,"href":"https:\/\/coral.org\/es\/wp-json\/wp\/v2\/comments?post=6413"}],"version-history":[{"count":0,"href":"https:\/\/coral.org\/es\/wp-json\/wp\/v2\/posts\/6413\/revisions"}],"wp:featuredmedia":[{"embeddable":true,"href":"https:\/\/coral.org\/es\/wp-json\/wp\/v2\/media\/6400"}],"wp:attachment":[{"href":"https:\/\/coral.org\/es\/wp-json\/wp\/v2\/media?parent=6413"}],"wp:term":[{"taxonomy":"category","embeddable":true,"href":"https:\/\/coral.org\/es\/wp-json\/wp\/v2\/categories?post=6413"},{"taxonomy":"post_tag","embeddable":true,"href":"https:\/\/coral.org\/es\/wp-json\/wp\/v2\/tags?post=6413"}],"curies":[{"name":"wp","href":"https:\/\/api.w.org\/{rel}","templated":true}]}}