{"id":7154,"date":"2023-12-04T16:33:47","date_gmt":"2023-12-05T00:33:47","guid":{"rendered":"https:\/\/coral.org\/blog\/empoderando-a-los-pescadores-artesanales-de-la-laguna-de-los-micos-honduras\/"},"modified":"2023-12-04T16:37:27","modified_gmt":"2023-12-05T00:37:27","slug":"empoderando-a-los-pescadores-artesanales-de-la-laguna-de-los-micos-honduras","status":"publish","type":"post","link":"https:\/\/coral.org\/es\/blog\/empoderando-a-los-pescadores-artesanales-de-la-laguna-de-los-micos-honduras\/","title":{"rendered":"Empoderando a los Pescadores Artesanales de la Laguna de los Micos, Honduras"},"content":{"rendered":"\n<p><a href=\"https:\/\/coral.org\/en\/blog\/a-thriving-lagoon\/\" target=\"_blank\" rel=\"noreferrer noopener\">La Laguna de los Micos<\/a>, situada en el coraz\u00f3n de Honduras, es un s\u00edmbolo de importancia ecol\u00f3gica y econ\u00f3mica. Esta maravilla natural es un h\u00e1bitat esencial para varias especies marinas en peligro de extinci\u00f3n, como tortugas marinas, manat\u00edes y cocodrilos americanos, y desempe\u00f1a un papel crucial en la conservaci\u00f3n de la biodiversidad de la regi\u00f3n. Adem\u00e1s de su valor ecol\u00f3gico, la laguna es tambi\u00e9n una fuente vital de sustento para las comunidades locales, ya que constituye un importante banco de pesca que les proporciona una fuente de alimentos e ingresos.<\/p>\n\n\n\n<p><\/p>\n\n\n\n<p>En CORAL reconocemos la importancia cr\u00edtica de preservar y conservar la Laguna de los Micos, no s\u00f3lo en beneficio de la vida silvestre de la regi\u00f3n, sino tambi\u00e9n para la prosperidad de las personas que dependen de ella. Por eso estamos muy contentos de anunciar que junto con nuestros socios locales hemos podido establecer la primera zona de su categor\u00eda, un sistema de derecho de uso territorial marino\/costero. Este avance sin precedentes nos permitir\u00e1 regular y controlar mejor las actividades pesqueras artesanales de la regi\u00f3n, garantizando que sean sostenibles y no da\u00f1en el fr\u00e1gil ecosistema de la laguna.<\/p>\n\n\n\n<p>Nos enorgullece decir que nuestros esfuerzos ya han dado resultados. <em>Gracias a nuestro trabajo en colaboraci\u00f3n con nuestros socios locales, hemos podido aumentar la biomasa de peces de la laguna en un asombroso 600%, lo que ha brindado un auge a los pescadores locales y garantizado una fuente de ingresos sostenible para las generaciones venideras.<\/em> En CORAL seguimos comprometidos con nuestra misi\u00f3n de preservar y proteger los arrecifes de coral del mundo y las comunidades que dependen de ellos, y esperamos continuar nuestro trabajo en la Laguna de los Micos y m\u00e1s all\u00e1.<\/p>\n\n\n\n<p><\/p>\n\n\n\n<figure class=\"wp-block-image size-large\"><img loading=\"lazy\" decoding=\"async\" width=\"1024\" height=\"683\" src=\"https:\/\/coral.org\/wp-content\/uploads\/2023\/04\/20230412095835_IMG_5279-1024x683.jpg\" alt=\"\" class=\"wp-image-6538\" srcset=\"https:\/\/static.coral.org\/uploads\/2023\/04\/20230412095835_IMG_5279-1024x683.jpg 1024w, https:\/\/static.coral.org\/uploads\/2023\/04\/20230412095835_IMG_5279-796x531.jpg 796w, https:\/\/static.coral.org\/uploads\/2023\/04\/20230412095835_IMG_5279-768x512.jpg 768w, https:\/\/static.coral.org\/uploads\/2023\/04\/20230412095835_IMG_5279-1536x1024.jpg 1536w, https:\/\/static.coral.org\/uploads\/2023\/04\/20230412095835_IMG_5279-2048x1365.jpg 2048w, https:\/\/static.coral.org\/uploads\/2023\/04\/20230412095835_IMG_5279-600x400.jpg 600w\" sizes=\"auto, (max-width: 1024px) 100vw, 1024px\" \/><\/figure>\n\n\n\n<p><\/p>\n\n\n\n<h2 class=\"wp-block-heading\"><strong>Comunidades con Voz Propia<\/strong><\/h2>\n\n\n\n<p><\/p>\n\n\n\n<p>Estamos orgullosos de compartir que nuestros recientes esfuerzos para promover la pesca artesanal sostenible en Latinoam\u00e9rica y el Caribe (LAC) fueron destacados en una publicaci\u00f3n destacada, \u00ab<a href=\"https:\/\/editorial.unimagdalena.edu.co\/Editorial\/Publicacion\/4236\" target=\"_blank\" rel=\"noreferrer noopener\">Comunidades con voz: El futuro de la pesca artesanal en Latinoam\u00e9rica y el Caribe<\/a>\u00bb (LAC).<\/p>\n\n\n\n<p>La pesca artesanal y de subsistencia en LAC es fundamental para la regi\u00f3n, pero hist\u00f3ricamente su manejo sostenible ha sido un desaf\u00edo. Para dar respuesta a este problema, se ha producido una tendencia mundial hacia la gesti\u00f3n del sector pesquero a trav\u00e9s de asociaciones adaptativas. Estas experiencias ponen de relieve la importancia de la toma de decisiones colectiva y de los esfuerzos dirigidos por la comunidad para la conservaci\u00f3n y el manejo sostenible de los recursos pesqueros.<\/p>\n\n\n\n<p>Nuestro trabajo busca inspirar y promover sistemas de cogesti\u00f3n que den prioridad a los derechos de los pescadores y a la sostenibilidad de los recursos pesqueros en LAC. Al compartir experiencias positivas y procesos de aprendizaje adaptativo, esperamos empoderar a las comunidades pesqueras para que asuman un papel activo en la gobernanza de sus pa\u00edses y la preservaci\u00f3n de sus valiosos recursos.<\/p>\n\n\n\n<p><\/p>\n\n\n\n<h2 class=\"wp-block-heading\"><strong>\u00bfCu\u00e1l es el Futuro de la Laguna de los Micos?<\/strong><\/h2>\n\n\n\n<p><\/p>\n\n\n\n<p>Tenemos previsto seguir monitoreando y patrullando la laguna para actualizar el decreto ministerial mediante una gesti\u00f3n adaptativa basada en la ciencia. De acuerdo con el Coordinador Principal de Programas de CORAL para la Costa Norte, <a href=\"https:\/\/coral.org\/es\/team\/julio-san-martin-chicas\/\" target=\"_blank\" rel=\"noreferrer noopener\">Julio San Mart\u00edn Chicas<\/a>, \u00bb <em>Es muy emocionante formar parte de este proyecto junto con la Fundaci\u00f3n PROLANSATE, el Instituto de Conservaci\u00f3n Forestal (ICF), DIGEPESCA, AMATELA y el Comit\u00e9 Interinstitucional para el Medio Ambiente y \u00c1reas Protegidas de la Municipalidad de Tela (CIAT). Creemos que la gesti\u00f3n eficaz de los recursos naturales requiere la participaci\u00f3n y capacitaci\u00f3n de las comunidades y organizaciones locales. Este trabajo colaborativo y participativo nos permite ver cada d\u00eda los efectos positivos en los arrecifes. \u00a1Estamos convencidos de que la pesca sostenible trasciende generaciones!<\/em>\u00ab<\/p>\n\n\n\n<p><\/p>\n\n\n\n<p>Est\u00e9n atentos a las pr\u00f3ximas actualizaciones sobre los trabajos en la Laguna de los Micos.<\/p>\n","protected":false},"excerpt":{"rendered":"<p>La Laguna de los Micos, situada en el coraz\u00f3n de Honduras, es un s\u00edmbolo de importancia ecol\u00f3gica y econ\u00f3mica. Esta maravilla natural es un h\u00e1bitat esencial para varias especies marinas en peligro de extinci\u00f3n, como tortugas marinas, manat\u00edes y cocodrilos americanos, y desempe\u00f1a un papel crucial en la conservaci\u00f3n de la biodiversidad de la regi\u00f3n.&hellip; <a href=\"https:\/\/coral.org\/es\/blog\/empoderando-a-los-pescadores-artesanales-de-la-laguna-de-los-micos-honduras\/\" class=\"more-link\">Sigue Leyendo &#8594;<\/a><\/p>\n","protected":false},"author":5,"featured_media":6537,"comment_status":"closed","ping_status":"closed","sticky":false,"template":"","format":"standard","meta":{"_acf_changed":false,"inline_featured_image":false,"_genesis_hide_title":false,"_genesis_hide_breadcrumbs":false,"_genesis_hide_singular_image":false,"_genesis_hide_footer_widgets":false,"_genesis_custom_body_class":"","_genesis_custom_post_class":"","_genesis_layout":"","_genesis_transparent_header":false,"_genesis_hide_siblings_nav":false,"_genesis_hide_flyout":false,"_genesis_subtitle":"","_genesis_subheading":"","footnotes":""},"categories":[348,322],"tags":[16],"class_list":{"0":"post-7154","1":"post","2":"type-post","3":"status-publish","4":"format-standard","5":"has-post-thumbnail","7":"category-case-study","8":"category-local-news-es","9":"tag-honduras","10":"entry"},"acf":[],"template_part":"\n<article class=\"article article-post post-7154 post type-post status-publish format-standard has-post-thumbnail category-case-study category-local-news-es tag-honduras entry\">\n\t<div class=\"entry-image\">\n\t\t<a href=\"https:\/\/coral.org\/es\/blog\/empoderando-a-los-pescadores-artesanales-de-la-laguna-de-los-micos-honduras\/\">\n\t\t\t<img width=\"740\" height=\"555\" src=\"https:\/\/static.coral.org\/uploads\/2023\/04\/IMG_20220912_130012.jpg\" class=\"attachment-preview size-preview wp-post-image\" alt=\"\" decoding=\"async\" loading=\"lazy\" srcset=\"https:\/\/static.coral.org\/uploads\/2023\/04\/IMG_20220912_130012.jpg 8000w, https:\/\/static.coral.org\/uploads\/2023\/04\/IMG_20220912_130012-796x597.jpg 796w, https:\/\/static.coral.org\/uploads\/2023\/04\/IMG_20220912_130012-1024x768.jpg 1024w, https:\/\/static.coral.org\/uploads\/2023\/04\/IMG_20220912_130012-768x576.jpg 768w\" sizes=\"auto, (max-width: 740px) 100vw, 740px\" \/>\t\t<\/a>\n\t<\/div>\n\t<div class=\"entry-meta\">\n\t\t<ul class=\"post-categories\">\n\t<li><a href=\"https:\/\/coral.org\/es\/blog\/category\/case-study\/\" rel=\"category tag\">Estudios de Caso<\/a><\/li>\n\t<li><a href=\"https:\/\/coral.org\/es\/blog\/category\/local-news-es\/\" rel=\"category tag\">Noticias Locales<\/a><\/li><\/ul>\t<\/div>\n\t<div class=\"entry-body\">\n\t\t<h2 class=\"entry-title\"><a href=\"https:\/\/coral.org\/es\/blog\/empoderando-a-los-pescadores-artesanales-de-la-laguna-de-los-micos-honduras\/\" class=\"entry-title-link\">Empoderando a los Pescadores Artesanales de la Laguna de los Micos, Honduras<\/a><\/h2>\t\t<p>La Laguna de los Micos, situada en el coraz\u00f3n de Honduras, es un s\u00edmbolo de importancia ecol\u00f3gica y econ\u00f3mica. Esta maravilla natural es un h\u00e1bitat esencial para varias especies marinas en peligro de extinci\u00f3n, como tortugas marinas, manat\u00edes y cocodrilos americanos, y desempe\u00f1a un papel crucial en la conservaci\u00f3n de la biodiversidad de la regi\u00f3n.&hellip; <a href=\"https:\/\/coral.org\/es\/blog\/empoderando-a-los-pescadores-artesanales-de-la-laguna-de-los-micos-honduras\/\" class=\"more-link\">Sigue Leyendo &#8594;<\/a><\/p>\n\t<\/div>\n<\/article>\n","featured_image_src":"https:\/\/static.coral.org\/uploads\/2023\/04\/IMG_20220912_130012.jpg","featured_image_src_square":"https:\/\/static.coral.org\/uploads\/2023\/04\/IMG_20220912_130012-600x600.jpg","author_info":{"display_name":"Mandy","author_link":"https:\/\/coral.org\/es\/blog\/author\/mandy\/"},"jetpack_featured_media_url":"https:\/\/static.coral.org\/uploads\/2023\/04\/IMG_20220912_130012.jpg","_links":{"self":[{"href":"https:\/\/coral.org\/es\/wp-json\/wp\/v2\/posts\/7154","targetHints":{"allow":["GET"]}}],"collection":[{"href":"https:\/\/coral.org\/es\/wp-json\/wp\/v2\/posts"}],"about":[{"href":"https:\/\/coral.org\/es\/wp-json\/wp\/v2\/types\/post"}],"author":[{"embeddable":true,"href":"https:\/\/coral.org\/es\/wp-json\/wp\/v2\/users\/5"}],"replies":[{"embeddable":true,"href":"https:\/\/coral.org\/es\/wp-json\/wp\/v2\/comments?post=7154"}],"version-history":[{"count":0,"href":"https:\/\/coral.org\/es\/wp-json\/wp\/v2\/posts\/7154\/revisions"}],"wp:featuredmedia":[{"embeddable":true,"href":"https:\/\/coral.org\/es\/wp-json\/wp\/v2\/media\/6537"}],"wp:attachment":[{"href":"https:\/\/coral.org\/es\/wp-json\/wp\/v2\/media?parent=7154"}],"wp:term":[{"taxonomy":"category","embeddable":true,"href":"https:\/\/coral.org\/es\/wp-json\/wp\/v2\/categories?post=7154"},{"taxonomy":"post_tag","embeddable":true,"href":"https:\/\/coral.org\/es\/wp-json\/wp\/v2\/tags?post=7154"}],"curies":[{"name":"wp","href":"https:\/\/api.w.org\/{rel}","templated":true}]}}