{"id":7231,"date":"2024-01-10T17:49:00","date_gmt":"2024-01-11T01:49:00","guid":{"rendered":"https:\/\/coral.org\/blog\/un-futuro-sostenible-en-armonia\/"},"modified":"2024-01-10T17:52:26","modified_gmt":"2024-01-11T01:52:26","slug":"un-futuro-sostenible-en-armonia","status":"publish","type":"post","link":"https:\/\/coral.org\/es\/blog\/un-futuro-sostenible-en-armonia\/","title":{"rendered":"Un Futuro Sostenible en Armon\u00eda"},"content":{"rendered":"\n<p><em>Honolulu, 14 de septiembre de 2023<\/em><\/p>\n\n\n\n<p>Los sonidos de cuerdas, piano, arpa, \u00f3pera y ukeleles resonaron en la c\u00e1lida noche hawaiana cuando la segunda edici\u00f3n de Music on the Reef (M\u00fasica en el Arrecife) engalan\u00f3 Honolulu. Este acto anual, concebido como un sincero agradecimiento a nuestros generosos donantes, adquiri\u00f3 una nueva dimensi\u00f3n a la luz de los recientes acontecimientos y se convirti\u00f3 en un profundo acto ben\u00e9fico para una causa vital.<\/p>\n\n\n\n<figure class=\"wp-block-embed is-type-video is-provider-youtube wp-block-embed-youtube wp-embed-aspect-16-9 wp-has-aspect-ratio\"><div class=\"wp-block-embed__wrapper\">\n<iframe loading=\"lazy\" title=\"Music on the Reef 2023 - Coral Reef Alliance\" width=\"500\" height=\"281\" src=\"https:\/\/www.youtube.com\/embed\/oK3u3AYgNdQ?feature=oembed\" frameborder=\"0\" allow=\"accelerometer; autoplay; clipboard-write; encrypted-media; gyroscope; picture-in-picture; web-share\" referrerpolicy=\"strict-origin-when-cross-origin\" allowfullscreen><\/iframe>\n<\/div><\/figure>\n\n\n\n<h2 class=\"wp-block-heading\"><strong>Una Noche de M\u00fasica y Solidaridad<\/strong><\/h2>\n\n\n\n<p>Al ponerse el sol, los invitados se reunieron en el impresionante Pacific Club para embarcarse en una velada de m\u00fasica encantadora y camarader\u00eda. El acto comenz\u00f3 con una deliciosa degustaci\u00f3n de aperitivos inspirados en la cocina hawaiana. Entre risas y charlas, nos tomamos un momento para compartir un poco sobre nuestro trabajo y el prop\u00f3sito de M\u00fasica en el Arrecife. El acto se concibi\u00f3 inicialmente como una expresi\u00f3n de gratitud a nuestros donantes, pero debido a los devastadores incendios forestales de Maui, adquiri\u00f3 una nueva finalidad.<\/p>\n\n\n\n<figure class=\"wp-block-image size-large\"><img loading=\"lazy\" decoding=\"async\" width=\"1024\" height=\"330\" src=\"https:\/\/coral.org\/wp-content\/uploads\/2023\/09\/Music-on-the-Reef-Article-Images-7-1024x330.jpg\" alt=\"\" class=\"wp-image-6974\" srcset=\"https:\/\/static.coral.org\/uploads\/2023\/09\/Music-on-the-Reef-Article-Images-7-1024x330.jpg 1024w, https:\/\/static.coral.org\/uploads\/2023\/09\/Music-on-the-Reef-Article-Images-7-796x256.jpg 796w, https:\/\/static.coral.org\/uploads\/2023\/09\/Music-on-the-Reef-Article-Images-7-768x247.jpg 768w, https:\/\/static.coral.org\/uploads\/2023\/09\/Music-on-the-Reef-Article-Images-7.jpg 1500w\" sizes=\"auto, (max-width: 1024px) 100vw, 1024px\" \/><\/figure>\n\n\n\n<p>Los incendios de Maui fueron un duro recordatorio de los problemas a los que se enfrentan nuestras queridas islas debido al cambio clim\u00e1tico. En respuesta, pusimos en marcha el Fondo de Resiliencia Comunitaria, testimonio de nuestro compromiso inquebrantable con la salvaguarda de nuestros tesoros naturales y las comunidades que dependen de ellos. Estas maravillas submarinas, los arrecifes de coral, son la sangre vital de nuestros oc\u00e9anos y una piedra angular del vibrante ecosistema de Haw\u00e1i.<\/p>\n\n\n\n<h2 class=\"wp-block-heading\"><strong>Fondo de Resiliencia Comunitaria<\/strong><\/h2>\n\n\n\n<p>El siniestro de Lahaina sirvi\u00f3 de llamada de atenci\u00f3n a muchos, incluida nuestra organizaci\u00f3n. Uno de los miembros del personal de nuestro programa sufri\u00f3 un impacto directo que le cambi\u00f3 la vida, y en ese momento supimos que ten\u00edamos que estar preparados para m\u00e1s cat\u00e1strofes graves a medida que el cambio clim\u00e1tico se acelera.<\/p>\n\n\n\n<p>El 14 de septiembre inauguramos oficialmente el Fondo de Resiliencia Comunitaria en M\u00fasica en el Arrecife.<\/p>\n\n\n\n<figure class=\"wp-block-image size-large\"><img loading=\"lazy\" decoding=\"async\" width=\"1024\" height=\"279\" src=\"https:\/\/coral.org\/wp-content\/uploads\/2023\/09\/Music-on-the-Reef-Article-Images-4-1024x279.jpg\" alt=\"\" class=\"wp-image-6971\" srcset=\"https:\/\/static.coral.org\/uploads\/2023\/09\/Music-on-the-Reef-Article-Images-4-1024x279.jpg 1024w, https:\/\/static.coral.org\/uploads\/2023\/09\/Music-on-the-Reef-Article-Images-4-796x217.jpg 796w, https:\/\/static.coral.org\/uploads\/2023\/09\/Music-on-the-Reef-Article-Images-4-768x209.jpg 768w, https:\/\/static.coral.org\/uploads\/2023\/09\/Music-on-the-Reef-Article-Images-4.jpg 1500w\" sizes=\"auto, (max-width: 1024px) 100vw, 1024px\" \/><\/figure>\n\n\n\n<p>Los grandes fen\u00f3menos meteorol\u00f3gicos derivados del cambio clim\u00e1tico son realidades que no podemos ignorar. Son una amenaza no s\u00f3lo para nuestra armon\u00eda musical, sino para la existencia misma de los arrecifes de coral que inspiraron este acontecimiento. Los arrecifes de coral son la espina dorsal de nuestros ecosistemas marinos, albergan una gran biodiversidad y sustentan nuestras pesquer\u00edas. Protegerlos no es s\u00f3lo un imperativo ambiental; es un deber que tenemos para con las generaciones futuras.<\/p>\n\n\n\n<p>En respuesta al cambio clim\u00e1tico, estamos asegurando fondos para comunidades costeras como Lahaina. Mediante la investigaci\u00f3n, las iniciativas de conservaci\u00f3n y la participaci\u00f3n de la comunidad, nos comprometemos a garantizar que las personas que protegen nuestras maravillas submarinas perduren para las generaciones venideras.<\/p>\n\n\n\n<!--HubSpot Call-to-Action Code --><span class=\"hs-cta-wrapper\" id=\"hs-cta-wrapper-348b8332-cb52-4f50-bc3c-390cc9cda70f\"><span class=\"hs-cta-node hs-cta-348b8332-cb52-4f50-bc3c-390cc9cda70f\" id=\"hs-cta-348b8332-cb52-4f50-bc3c-390cc9cda70f\"><!--[if lte IE 8]><div id=\"hs-cta-ie-element\"><\/div><![endif]--><a href=\"https:\/\/cta-redirect.hubspot.com\/cta\/redirect\/39879831\/348b8332-cb52-4f50-bc3c-390cc9cda70f\"><img decoding=\"async\" class=\"hs-cta-img\" id=\"hs-cta-img-348b8332-cb52-4f50-bc3c-390cc9cda70f\" style=\"border-width:0px;\" src=\"https:\/\/no-cache.hubspot.com\/cta\/default\/39879831\/348b8332-cb52-4f50-bc3c-390cc9cda70f.png\" alt=\"Apoya nuestro nuevo Fondo de Resiliencia Comunitaria - Haz clic para saber m\u00e1s\"\/><\/a><\/span><script charset=\"utf-8\" src=\"https:\/\/js.hscta.net\/cta\/current.js\"><\/script><script type=\"text\/javascript\"> hbspt.cta.load(39879831, '348b8332-cb52-4f50-bc3c-390cc9cda70f', {\"useNewLoader\":\"true\",\"region\":\"na1\"}); <\/script><\/span><!-- end HubSpot Call-to-Action Code -->\n\n\n\n<div style=\"height:100px\" aria-hidden=\"true\" class=\"wp-block-spacer\"><\/div>\n\n\n\n<h2 class=\"wp-block-heading\"><strong>El Espect\u00e1culo M\u00e1gico<\/strong><\/h2>\n\n\n\n<p>Con los \u00e1nimos levantados y los corazones caldeados, lleg\u00f3 el momento del acto principal: un concierto que transport\u00f3 a todos a un mundo de encanto musical. El escenario cont\u00f3 con un elenco de m\u00fasicos extraordinarios, entre ellos el incomparable Josh Nakazawa al violonchelo y el legendario Jake Shimabukuro (ukelele), nuestros embajadores CORAL, junto a virtuosos de talla mundial: Ignance Jang (viol\u00edn), Shawn Conley (bajo), Megan Conley (arpa), Jasmine Nagano (piano), Natalie Mitchell (voz), Kevin Chang (voz) y Jackson Waldhoff (bajo el\u00e9ctrico). Todos tocaron con una intensidad y un arte desbordantes, que cautivaron a todo el mundo.<\/p>\n\n\n\n<figure class=\"wp-block-image size-large\"><img loading=\"lazy\" decoding=\"async\" width=\"1024\" height=\"356\" src=\"https:\/\/coral.org\/wp-content\/uploads\/2023\/09\/Music-on-the-Reef-Article-Images-2-1024x356.jpg\" alt=\"\" class=\"wp-image-6970\" srcset=\"https:\/\/static.coral.org\/uploads\/2023\/09\/Music-on-the-Reef-Article-Images-2-1024x356.jpg 1024w, https:\/\/static.coral.org\/uploads\/2023\/09\/Music-on-the-Reef-Article-Images-2-796x277.jpg 796w, https:\/\/static.coral.org\/uploads\/2023\/09\/Music-on-the-Reef-Article-Images-2-768x267.jpg 768w, https:\/\/static.coral.org\/uploads\/2023\/09\/Music-on-the-Reef-Article-Images-2.jpg 1500w\" sizes=\"auto, (max-width: 1024px) 100vw, 1024px\" \/><\/figure>\n\n\n\n<p>El conjunto contaba con una gran variedad de instrumentos, desde cuerdas a teclas, voces estremecedoras y el conmovedor rasgueo de ukeleles. La sinergia entre estos diversos sonidos cre\u00f3 una hipnotizante fusi\u00f3n de melod\u00edas que resonaban con la esencia misma del rico tapiz cultural hawaiano.<\/p>\n\n\n\n<h2 class=\"wp-block-heading\"><strong>Un Llamamiento a la Acci\u00f3n<\/strong><\/h2>\n\n\n\n<p>Cuando la \u00faltima nota qued\u00f3 flotando en el aire y el p\u00fablico estall\u00f3 en aplausos, era evidente que la velada hab\u00eda dejado un impacto duradero. M\u00e1s all\u00e1 de la celebraci\u00f3n musical, M\u00fasica en el Arrecife fue un toque de clar\u00edn a la acci\u00f3n.<\/p>\n\n\n\n<p>Lo que hace que acontecimientos como \u00e9ste sean a\u00fan m\u00e1s notables es el apoyo inquebrantable de la comunidad hawaiana. Una y otra vez hemos sido testigos de la resiliencia y la determinaci\u00f3n a la hora de salvaguardar nuestros tesoros naturales. Estamos inmensamente agradecidos por su continuo apoyo, que sirve como testimonio de nuestra dedicaci\u00f3n compartida a la lucha por el futuro de nuestros arrecifes de coral.<\/p>\n\n\n\n<figure class=\"wp-block-image size-large\"><img loading=\"lazy\" decoding=\"async\" width=\"1024\" height=\"459\" src=\"https:\/\/coral.org\/wp-content\/uploads\/2023\/09\/Music-on-the-Reef-Article-Images-6-1024x459.jpg\" alt=\"\" class=\"wp-image-6973\" srcset=\"https:\/\/static.coral.org\/uploads\/2023\/09\/Music-on-the-Reef-Article-Images-6-1024x459.jpg 1024w, https:\/\/static.coral.org\/uploads\/2023\/09\/Music-on-the-Reef-Article-Images-6-796x357.jpg 796w, https:\/\/static.coral.org\/uploads\/2023\/09\/Music-on-the-Reef-Article-Images-6-768x344.jpg 768w, https:\/\/static.coral.org\/uploads\/2023\/09\/Music-on-the-Reef-Article-Images-6.jpg 1178w\" sizes=\"auto, (max-width: 1024px) 100vw, 1024px\" \/><\/figure>\n\n\n\n<p>La segunda edici\u00f3n de M\u00fasica en el Arrecife fue un \u00e9xito rotundo, tanto por su esplendor musical como por su impacto en nuestra conciencia colectiva. De cara a futuras ediciones de este acontecimiento, lo hacemos con un compromiso renovado con la causa y un profundo sentimiento de gratitud hacia todos los que nos han acompa\u00f1ado en este viaje.<\/p>\n\n\n\n<p>A todos nuestros donantes, colaboradores y a toda la comunidad hawaiana, les decimos mahalo nui loa. Juntos, seguiremos armonizando para lograr un futuro sostenible en el que nuestros arrecifes de coral prosperen y las melod\u00edas de M\u00fasica en el Arrecife sigan hechizando a las generaciones venideras.<\/p>\n\n\n\n<figure class=\"wp-block-image size-large\"><img loading=\"lazy\" decoding=\"async\" width=\"1024\" height=\"348\" src=\"https:\/\/coral.org\/wp-content\/uploads\/2023\/09\/Music-on-the-Reef-Article-Images-5-1024x348.jpg\" alt=\"\" class=\"wp-image-6972\" srcset=\"https:\/\/static.coral.org\/uploads\/2023\/09\/Music-on-the-Reef-Article-Images-5-1024x348.jpg 1024w, https:\/\/static.coral.org\/uploads\/2023\/09\/Music-on-the-Reef-Article-Images-5-796x271.jpg 796w, https:\/\/static.coral.org\/uploads\/2023\/09\/Music-on-the-Reef-Article-Images-5-768x261.jpg 768w, https:\/\/static.coral.org\/uploads\/2023\/09\/Music-on-the-Reef-Article-Images-5.jpg 1500w\" sizes=\"auto, (max-width: 1024px) 100vw, 1024px\" \/><\/figure>\n","protected":false},"excerpt":{"rendered":"<p>Honolulu, 14 de septiembre de 2023 Los sonidos de cuerdas, piano, arpa, \u00f3pera y ukeleles resonaron en la c\u00e1lida noche hawaiana cuando la segunda edici\u00f3n de Music on the Reef (M\u00fasica en el Arrecife) engalan\u00f3 Honolulu. Este acto anual, concebido como un sincero agradecimiento a nuestros generosos donantes, adquiri\u00f3 una nueva dimensi\u00f3n a la luz&hellip; <a href=\"https:\/\/coral.org\/es\/blog\/un-futuro-sostenible-en-armonia\/\" class=\"more-link\">Sigue Leyendo &#8594;<\/a><\/p>\n","protected":false},"author":8,"featured_media":6978,"comment_status":"closed","ping_status":"closed","sticky":false,"template":"","format":"standard","meta":{"_acf_changed":false,"inline_featured_image":false,"_genesis_hide_title":false,"_genesis_hide_breadcrumbs":false,"_genesis_hide_singular_image":false,"_genesis_hide_footer_widgets":false,"_genesis_custom_body_class":"","_genesis_custom_post_class":"","_genesis_layout":"","_genesis_transparent_header":false,"_genesis_hide_siblings_nav":false,"_genesis_hide_flyout":false,"_genesis_subtitle":"","_genesis_subheading":"","footnotes":""},"categories":[2],"tags":[354,39],"class_list":{"0":"post-7231","1":"post","2":"type-post","3":"status-publish","4":"format-standard","5":"has-post-thumbnail","7":"category-noticias","8":"tag-announcements","9":"tag-hawaii","10":"entry"},"acf":[],"template_part":"\n<article class=\"article article-post post-7231 post type-post status-publish format-standard has-post-thumbnail category-noticias tag-announcements tag-hawaii entry\">\n\t<div class=\"entry-image\">\n\t\t<a href=\"https:\/\/coral.org\/es\/blog\/un-futuro-sostenible-en-armonia\/\">\n\t\t\t<img width=\"740\" height=\"560\" src=\"https:\/\/static.coral.org\/uploads\/2023\/09\/Music-on-the-Reef-Coral-Reef-Alliance-1-740x560.jpg\" class=\"attachment-preview size-preview wp-post-image\" alt=\"\" decoding=\"async\" loading=\"lazy\" \/>\t\t<\/a>\n\t<\/div>\n\t<div class=\"entry-meta\">\n\t\t<ul class=\"post-categories\">\n\t<li><a href=\"https:\/\/coral.org\/es\/blog\/category\/noticias\/\" rel=\"category tag\">Noticias<\/a><\/li><\/ul>\t<\/div>\n\t<div class=\"entry-body\">\n\t\t<h2 class=\"entry-title\"><a href=\"https:\/\/coral.org\/es\/blog\/un-futuro-sostenible-en-armonia\/\" class=\"entry-title-link\">Un Futuro Sostenible en Armon\u00eda<\/a><\/h2>\t\t<p>Honolulu, 14 de septiembre de 2023 Los sonidos de cuerdas, piano, arpa, \u00f3pera y ukeleles resonaron en la c\u00e1lida noche hawaiana cuando la segunda edici\u00f3n de Music on the Reef (M\u00fasica en el Arrecife) engalan\u00f3 Honolulu. Este acto anual, concebido como un sincero agradecimiento a nuestros generosos donantes, adquiri\u00f3 una nueva dimensi\u00f3n a la luz&hellip; <a href=\"https:\/\/coral.org\/es\/blog\/un-futuro-sostenible-en-armonia\/\" class=\"more-link\">Sigue Leyendo &#8594;<\/a><\/p>\n\t<\/div>\n<\/article>\n","featured_image_src":"https:\/\/static.coral.org\/uploads\/2023\/09\/Music-on-the-Reef-Coral-Reef-Alliance-1-600x400.jpg","featured_image_src_square":"https:\/\/static.coral.org\/uploads\/2023\/09\/Music-on-the-Reef-Coral-Reef-Alliance-1-600x600.jpg","author_info":{"display_name":"Kate Beebe","author_link":"https:\/\/coral.org\/es\/blog\/author\/kate\/"},"jetpack_featured_media_url":"https:\/\/static.coral.org\/uploads\/2023\/09\/Music-on-the-Reef-Coral-Reef-Alliance-1.jpg","_links":{"self":[{"href":"https:\/\/coral.org\/es\/wp-json\/wp\/v2\/posts\/7231","targetHints":{"allow":["GET"]}}],"collection":[{"href":"https:\/\/coral.org\/es\/wp-json\/wp\/v2\/posts"}],"about":[{"href":"https:\/\/coral.org\/es\/wp-json\/wp\/v2\/types\/post"}],"author":[{"embeddable":true,"href":"https:\/\/coral.org\/es\/wp-json\/wp\/v2\/users\/8"}],"replies":[{"embeddable":true,"href":"https:\/\/coral.org\/es\/wp-json\/wp\/v2\/comments?post=7231"}],"version-history":[{"count":0,"href":"https:\/\/coral.org\/es\/wp-json\/wp\/v2\/posts\/7231\/revisions"}],"wp:featuredmedia":[{"embeddable":true,"href":"https:\/\/coral.org\/es\/wp-json\/wp\/v2\/media\/6978"}],"wp:attachment":[{"href":"https:\/\/coral.org\/es\/wp-json\/wp\/v2\/media?parent=7231"}],"wp:term":[{"taxonomy":"category","embeddable":true,"href":"https:\/\/coral.org\/es\/wp-json\/wp\/v2\/categories?post=7231"},{"taxonomy":"post_tag","embeddable":true,"href":"https:\/\/coral.org\/es\/wp-json\/wp\/v2\/tags?post=7231"}],"curies":[{"name":"wp","href":"https:\/\/api.w.org\/{rel}","templated":true}]}}