{"id":8289,"date":"2025-02-26T07:38:49","date_gmt":"2025-02-26T15:38:49","guid":{"rendered":"https:\/\/coral.org\/blog\/conoce-a-andrea-cientifica-marina-y-conservacionista\/"},"modified":"2025-02-26T07:44:48","modified_gmt":"2025-02-26T15:44:48","slug":"conoce-a-andrea-cientifica-marina-y-conservacionista","status":"publish","type":"post","link":"https:\/\/coral.org\/es\/blog\/conoce-a-andrea-cientifica-marina-y-conservacionista\/","title":{"rendered":"Conoce a Andrea, cient\u00edfica marina y conservacionista"},"content":{"rendered":"\n<p><strong>Conoce a Andrea Rivera-Sosa, Directora de Proyectos y Difusi\u00f3n de la Alianza para los Arrecifes de Coral. <\/strong><\/p>\n\n\n\n<p>Andrea ha dedicado su vida a proteger los vibrantes y fr\u00e1giles ecosistemas de los arrecifes de coral. Su temprana curiosidad por el mundo natural se convirti\u00f3 en una pasi\u00f3n para toda la vida. En la actualidad, aprovecha su amplia experiencia para dirigir iniciativas mundiales de conservaci\u00f3n del coral, combinando ciencia innovadora, asociaciones estrat\u00e9gicas y difusi\u00f3n. M\u00e1s informaci\u00f3n sobre Andrea.   <\/p>\n\n\n\n<h2 class=\"wp-block-heading\">Q&amp;A<\/h2>\n\n\n\n<h3 class=\"wp-block-heading\">\u00bfQu\u00e9 temas te inspiraron para dedicarte a las ciencias marinas y, en concreto, a los arrecifes de coral?<\/h3>\n\n\n\n<p>Desde muy joven me intrig\u00f3 el oc\u00e9ano. Crec\u00ed en una zona sin salida al mar, en Tegucigalpa (Honduras), y estuve expuesta al entorno natural, ya que viv\u00eda en una zona rural monta\u00f1osa con r\u00edos cercanos. Mi padre, ge\u00f3logo, se asegur\u00f3 de que respetara a todos los seres vivos y despert\u00f3 mi pasi\u00f3n por el medio ambiente.   <\/p>\n\n\n\n<p>Cuando cumpl\u00ed 13 a\u00f1os, mi familia se traslad\u00f3 a Nueva Jersey, una diferencia abismal entre la selva tropical y el pa\u00eds subdesarrollado en el que crec\u00ed, pero me adapt\u00e9 r\u00e1pidamente a una nueva vida. Fue en la secundaria cuando pude establecer una fuerte conexi\u00f3n con el oc\u00e9ano. Tom\u00e9 todas las clases de ciencias disponibles, y la biolog\u00eda marina fue amor a primera vista. Fui voluntaria en un acuario local, trabaj\u00e9 en una tienda de animales y decid\u00ed seguir mi sue\u00f1o de ir a la universidad.    <\/p>\n\n\n\n<p>Estudi\u00e9 ciencias marinas en el extranjero, en la Universidad de las Islas V\u00edrgenes, y complet\u00e9 mi licenciatura en la Universidad de Haw\u00e1i en Manoa. Fue all\u00ed donde descubr\u00ed mi amor por los arrecifes de coral y supe que quer\u00eda pasar el resto de mi vida aprendiendo y protegiendo estos fr\u00e1giles ecosistemas. Me atra\u00edan especialmente la diversidad de organismos, los colores, las intrincadas relaciones simbi\u00f3ticas entre el coral y las zooxantelas, y sus dimensiones vistas desde el espacio. Esto me llev\u00f3 a hacer un doctorado en Ciencias Marinas con especialidad en ecolog\u00eda de los arrecifes de coral.   <\/p>\n\n\n\n<div style=\"height:56px\" aria-hidden=\"true\" class=\"wp-block-spacer\"><\/div>\n\n\n\n<figure class=\"wp-block-image size-large is-resized\"><img loading=\"lazy\" decoding=\"async\" width=\"1024\" height=\"576\" src=\"https:\/\/coral.org\/wp-content\/uploads\/2025\/01\/7-2-1024x576.jpg\" alt=\"\" class=\"wp-image-8245\" style=\"width:1450px;height:auto\" srcset=\"https:\/\/static.coral.org\/uploads\/2025\/01\/7-2-1024x576.jpg 1024w, https:\/\/static.coral.org\/uploads\/2025\/01\/7-2-796x448.jpg 796w, https:\/\/static.coral.org\/uploads\/2025\/01\/7-2-768x432.jpg 768w, https:\/\/static.coral.org\/uploads\/2025\/01\/7-2-1536x864.jpg 1536w, https:\/\/static.coral.org\/uploads\/2025\/01\/7-2.jpg 1600w\" sizes=\"auto, (max-width: 1024px) 100vw, 1024px\" \/><\/figure>\n\n\n\n<div style=\"height:67px\" aria-hidden=\"true\" class=\"wp-block-spacer\"><\/div>\n\n\n\n<h3 class=\"wp-block-heading\">\u00bfCu\u00e1nto tiempo llevas en CORAL y cu\u00e1l es tu papel en el equipo? <\/h3>\n\n\n\n<p>Llevo trabajando formalmente con CORAL desde 2021, pero he participado en CORAL como voluntaria y parte de una red de liderazgo de CORAL desde 2010. <\/p>\n\n\n\n<p>En 2021, me incorpor\u00e9 a CORAL para trabajar como <a href=\"https:\/\/coral.org\/es\/team\/andrea-rivera-sosa\/\" target=\"_blank\" rel=\"noreferrer noopener\">Gerente de Proyectos y Difusi\u00f3n<\/a> en el Programa de Ciencias de la Conservaci\u00f3n para apoyar el sistema de detecci\u00f3n del blanqueamiento Allen Coral Atlas conectando a colaboradores de todo el mundo para monitorear los eventos de blanqueamiento del coral. En la actualidad, mi trabajo consiste en promover la conservaci\u00f3n de los arrecifes de coral mediante la gesti\u00f3n innovadora de proyectos, la divulgaci\u00f3n y el trabajo pr\u00e1ctico sobre el terreno.  <\/p>\n\n\n\n<p>Mi trabajo consiste en dirigir iniciativas complejas y establecer alianzas estrat\u00e9gicas con redes regionales y mundiales para fomentar la colaboraci\u00f3n con ONG, instituciones acad\u00e9micas y organismos gubernamentales. Desarrollo e imparto programas de capacitaci\u00f3n en l\u00ednea, en persona y en el agua, dirijo los esfuerzos de monitoreo de la salud de los arrecifes de coral en la regi\u00f3n mesoamericana y garantizo la recopilaci\u00f3n de datos precisos para impulsar estrategias de conservaci\u00f3n basadas en pruebas. Con especial atenci\u00f3n a la ejecuci\u00f3n puntual de los proyectos, la comunicaci\u00f3n eficaz y la gesti\u00f3n financiera, mi labor combina la experiencia cient\u00edfica y el liderazgo organizativo para proteger los ecosistemas coralinos frente al cambio clim\u00e1tico.  <\/p>\n\n\n\n<div style=\"height:51px\" aria-hidden=\"true\" class=\"wp-block-spacer\"><\/div>\n\n\n\n<figure class=\"wp-block-image size-large is-resized\"><img loading=\"lazy\" decoding=\"async\" width=\"1024\" height=\"576\" src=\"https:\/\/coral.org\/wp-content\/uploads\/2025\/01\/7-3-1024x576.jpg\" alt=\"\" class=\"wp-image-8250\" style=\"width:1450px;height:auto\" srcset=\"https:\/\/static.coral.org\/uploads\/2025\/01\/7-3-1024x576.jpg 1024w, https:\/\/static.coral.org\/uploads\/2025\/01\/7-3-796x448.jpg 796w, https:\/\/static.coral.org\/uploads\/2025\/01\/7-3-768x432.jpg 768w, https:\/\/static.coral.org\/uploads\/2025\/01\/7-3-1536x864.jpg 1536w, https:\/\/static.coral.org\/uploads\/2025\/01\/7-3.jpg 1600w\" sizes=\"auto, (max-width: 1024px) 100vw, 1024px\" \/><\/figure>\n\n\n\n<div style=\"height:100px\" aria-hidden=\"true\" class=\"wp-block-spacer\"><\/div>\n\n\n\n<h3 class=\"wp-block-heading\">H\u00e1blanos un poco del lugar donde vives y de c\u00f3mo eso contribuye a alimentar tu pasi\u00f3n por el oc\u00e9ano.<\/h3>\n\n\n\n<p>Vivo en Buenavista, un peque\u00f1o pueblo maya en la Laguna de Bacalar, conocida por sus siete colores de verde azulado y aguas turquesas, en Quintana Roo, M\u00e9xico. Aunque extra\u00f1o mucho vivir en Honduras, he encontrado paz y tranquilidad viviendo en la selva. Vivo a una hora del oc\u00e9ano, lo que me permite disfrutar de mis dos lugares favoritos.   <\/p>\n\n\n\n<p>En mi tiempo libre, me encontrar\u00e1s organizando cl\u00ednicas de esterilizaci\u00f3n y castraci\u00f3n, actividades de reciclaje, navegando y disfrutando de actividades acu\u00e1ticas en la laguna. Tambi\u00e9n tengo un proyecto genial y he podido crear una casa flotante ecol\u00f3gica en la laguna, donde puedo sumergirme por completo en los relajantes sonidos y vistas de la laguna. <\/p>\n\n\n\n<div style=\"height:100px\" aria-hidden=\"true\" class=\"wp-block-spacer\"><\/div>\n\n\n\n<figure class=\"wp-block-image size-large is-resized\"><img loading=\"lazy\" decoding=\"async\" width=\"1024\" height=\"576\" src=\"https:\/\/coral.org\/wp-content\/uploads\/2025\/01\/8-1-1024x576.jpg\" alt=\"\" class=\"wp-image-8241\" style=\"width:1450px;height:auto\" srcset=\"https:\/\/static.coral.org\/uploads\/2025\/01\/8-1-1024x576.jpg 1024w, https:\/\/static.coral.org\/uploads\/2025\/01\/8-1-796x448.jpg 796w, https:\/\/static.coral.org\/uploads\/2025\/01\/8-1-768x432.jpg 768w, https:\/\/static.coral.org\/uploads\/2025\/01\/8-1-1536x864.jpg 1536w, https:\/\/static.coral.org\/uploads\/2025\/01\/8-1.jpg 1600w\" sizes=\"auto, (max-width: 1024px) 100vw, 1024px\" \/><\/figure>\n\n\n\n<div style=\"height:100px\" aria-hidden=\"true\" class=\"wp-block-spacer\"><\/div>\n\n\n\n<h3 class=\"wp-block-heading\">\u00bfPuedes compartir alg\u00fan momento memorable de tu trabajo de campo que haya puesto de relieve la importancia de la conservaci\u00f3n de los arrecifes de coral?<\/h3>\n\n\n\n<p>Me encantan los arrecifes de coral y todo lo que implique su conservaci\u00f3n. He estado monitoreando arrecifes oficialmente en la Regi\u00f3n Mesoamericana desde 2013. Fui capacitada con la Evaluaci\u00f3n R\u00e1pida de Arrecifes del Atl\u00e1ntico y Golfo (<a href=\"https:\/\/www.agrra.org\/\" target=\"_blank\" rel=\"noreferrer noopener\">AGRRA<\/a>) por Arrecifes Saludables para Gente Saludable (<a href=\"https:\/\/www.google.com\/search?client=safari&amp;rls=en&amp;q=Healthy+Reefs+for+Healthy+People&amp;ie=UTF-8&amp;oe=UTF-8\" target=\"_blank\" rel=\"noreferrer noopener\">HRHP<\/a>) y <a href=\"https:\/\/coral.org\/es\/\" target=\"_blank\" rel=\"noreferrer noopener\">CORAL<\/a> en la Bah\u00eda de Tela, Honduras, un lugar \u00fanico que luego se convirti\u00f3 en mi sitio para la tesis doctoral. En los \u00faltimos 12 a\u00f1os, he participado en casi todas las campa\u00f1as de monitoreo de la regi\u00f3n y me he capacitado para seguir formando top\u00f3grafos.    <\/p>\n\n\n\n<p>Dicho esto, \u00a1mi momento m\u00e1s memorable est\u00e1 sucediendo ahora! Despu\u00e9s de toda la gran experiencia de poder apoyar la recopilaci\u00f3n de datos que alimenta los <a href=\"https:\/\/www.healthyreefs.org\/es\/healthy-reefs-data\/report-cards\" target=\"_blank\" rel=\"noreferrer noopener\">Informes de Evaluaci\u00f3n de la Salud del Arrecife Mesoamericano<\/a>, podr\u00e9 tener un mayor alcance en todo el Caribe. Acabo de entrar a formar parte del Grupo de Trabajo de Datos de la Red Mundial de Monitoreo de Arrecifes de Coral (<a href=\"https:\/\/gcrmn.net\/\" target=\"_blank\" rel=\"noreferrer noopener\">GCRMN<\/a>), una red operativa de la Iniciativa Internacional de Arrecifes de Coral (<a href=\"https:\/\/icriforum.org\/about\/\" target=\"_blank\" rel=\"noreferrer noopener\">ICRI<\/a>), una asociaci\u00f3n mundial entre Naciones y organizaciones para proteger los arrecifes de coral. Podr\u00e9 apoyar la elaboraci\u00f3n del informe de la GCRMN \u00abEstado y tendencias de los arrecifes de coral del Caribe: 1980-2024\u00bb.    <\/p>\n\n\n\n<p>Es crucial para los arrecifes de coral de la regi\u00f3n, ya que constituye una de las evaluaciones de la salud de los arrecifes m\u00e1s impactantes y basadas en pruebas, y conecta directamente las condiciones regionales con las estrategias mundiales de conservaci\u00f3n.<\/p>\n\n\n\n<figure class=\"wp-block-image size-large\"><img loading=\"lazy\" decoding=\"async\" width=\"1024\" height=\"576\" src=\"https:\/\/coral.org\/wp-content\/uploads\/2025\/01\/9-1-1024x576.jpg\" alt=\"\" class=\"wp-image-8242\" srcset=\"https:\/\/static.coral.org\/uploads\/2025\/01\/9-1-1024x576.jpg 1024w, https:\/\/static.coral.org\/uploads\/2025\/01\/9-1-796x448.jpg 796w, https:\/\/static.coral.org\/uploads\/2025\/01\/9-1-768x432.jpg 768w, https:\/\/static.coral.org\/uploads\/2025\/01\/9-1-1536x864.jpg 1536w, https:\/\/static.coral.org\/uploads\/2025\/01\/9-1.jpg 1600w\" sizes=\"auto, (max-width: 1024px) 100vw, 1024px\" \/><\/figure>\n\n\n\n<h3 class=\"wp-block-heading\">Te has convertido en todo un referente en el blanqueamiento del coral. \u00bfQu\u00e9 has aprendido de tus investigaciones, trabajo de campo y presentaciones sobre el blanqueamiento?<\/h3>\n\n\n\n<p>Desde que se produjeron el tercer y el cuarto episodio de blanqueamiento del coral, me he centrado en comprender los esfuerzos de monitoreo. He podido ponerme en contacto con grupos clave de todo el mundo y estamos de acuerdo en que nos encontramos en un punto de inflexi\u00f3n. Las olas de calor marinas son cada vez m\u00e1s frecuentes y los arrecifes se est\u00e1n consumiendo. Es dif\u00edcil mantenerse positivo ante tal devastaci\u00f3n de los arrecifes. Me inspira trabajar con personas y organizaciones tan dedicadas y encontrar la fuerza en la creaci\u00f3n de alianzas.    <\/p>\n\n\n\n<p><strong>Tenemos que trabajar sin descanso para seguir vinculando a los ciudadanos, la ciencia y la pol\u00edtica para reducir las emisiones de carbono.<\/strong> Como comunidad cient\u00edfica, necesitamos trabajar juntos y colaborar con un prop\u00f3sito mayor. En este proceso, uno de mis principales objetivos fue resumir todos los grandes esfuerzos en esta<a href=\"https:\/\/coral.org\/es\/blanqueamiento-del-coral-herramientas-y-guia-completa\/\" target=\"_blank\" rel=\"noreferrer noopener\"><em> <\/em>Gu\u00eda completa y herramientas para el blanqueamiento del coral<\/a>, que resume las herramientas mundiales, las redes regionales de monitoreo y los protocolos. Debemos encontrar formas de recopilar datos comparables, integrar conjuntos de datos y traducir los resultados de forma que los formuladores de pol\u00edticas puedan entenderlos para tomar medidas. Tambi\u00e9n colaboramos con organizaciones, el sector privado y organismos gubernamentales para llegar al <a href=\"https:\/\/go.coral.org\/coral-bleaching\" target=\"_blank\" rel=\"noreferrer noopener\">Mes de concienciaci\u00f3n sobre el blanqueamiento del coral<\/a> durante noviembre, con el fin de apoyar el mensaje de proteger los arrecifes de coral.   <\/p>\n\n\n\n<p>Tambi\u00e9n he colaborado en <a href=\"https:\/\/icriforum.org\/events\/icri-webinar-coral-response-events-24\/\" target=\"_blank\" rel=\"noreferrer noopener\">seminarios web<\/a> de la serie #ForCoral Webinar Series con el <a href=\"https:\/\/icriforum.org\/about\/\" target=\"_blank\" rel=\"noreferrer noopener\">ICRI<\/a> y la Reef Resilience Network (<a href=\"https:\/\/reefresilience.org\/\" target=\"_blank\" rel=\"noreferrer noopener\">RRN<\/a>) y en capacitaciones sobre metodolog\u00edas para el blanqueamiento del coral a las que puede acceder en el canal de <a href=\"https:\/\/www.youtube.com\/playlist?list=PL6IEZ7S57RWNMb8PU4rFayOTqvbNGcd89\" target=\"_blank\" rel=\"noreferrer noopener\">seminarios web de CORAL<\/a> en YouTube.<\/p>\n\n\n\n<p>Otra conclusi\u00f3n clave es que <strong>nos estamos quedando sin tiempo y que ahora es el momento de actuar<\/strong>. La mitad de los corales constructores de arrecifes del Atl\u00e1ntico corren un elevado riesgo de extinci\u00f3n debido al cambio clim\u00e1tico y otras amenazas, seg\u00fan se desprende de <a href=\"https:\/\/journals.plos.org\/plosone\/article?id=10.1371\/journal.pone.0309354\" target=\"_blank\" rel=\"noreferrer noopener\">esta investigaci\u00f3n<\/a> en la que he colaborado con investigadores del Grupo de Especialistas en Corales de la Uni\u00f3n Internacional para la Conservaci\u00f3n de la Naturaleza.<\/p>\n\n\n\n<figure class=\"wp-block-image size-large is-resized\"><img loading=\"lazy\" decoding=\"async\" width=\"1024\" height=\"576\" src=\"https:\/\/coral.org\/wp-content\/uploads\/2025\/01\/10-1-1024x576.jpg\" alt=\"\" class=\"wp-image-8243\" style=\"width:1450px;height:auto\" srcset=\"https:\/\/static.coral.org\/uploads\/2025\/01\/10-1-1024x576.jpg 1024w, https:\/\/static.coral.org\/uploads\/2025\/01\/10-1-796x448.jpg 796w, https:\/\/static.coral.org\/uploads\/2025\/01\/10-1-768x432.jpg 768w, https:\/\/static.coral.org\/uploads\/2025\/01\/10-1-1536x864.jpg 1536w, https:\/\/static.coral.org\/uploads\/2025\/01\/10-1.jpg 1600w\" sizes=\"auto, (max-width: 1024px) 100vw, 1024px\" \/><\/figure>\n\n\n\n<h3 class=\"wp-block-heading\">Desde tu punto de vista, \u00bfc\u00f3mo contribuyen los arrecifes de coral saludables al bienestar de las comunidades costeras?<\/h3>\n\n\n\n<p>Hay muchas formas en que los arrecifes de coral benefician a las comunidades costeras, como la seguridad alimentaria (pesca), la protecci\u00f3n costera y el valor cultural. <\/p>\n\n\n\n<p>He vivido en varias comunidades costeras de Haw\u00e1i, Honduras y M\u00e9xico, y algo en com\u00fan es su fuerte conexi\u00f3n con la pesca como principal fuente de alimento. Si tenemos una comunidad de arrecifes de coral saludable, tendremos una diversidad de corales que proporcionan h\u00e1bitat a las comunidades de peces que luego pueden sostener el sistema alimentario primario de las comunidades locales. Algunas comunidades tambi\u00e9n dependen de estas pesquer\u00edas (peces, crust\u00e1ceos) no s\u00f3lo para su subsistencia, sino para su sustento, ya que el pescado se vende a otros pueblos cercanos, se vende a los turistas que visitan la zona o se intercambia por otros recursos.   <\/p>\n\n\n\n<p>Desde mi punto de vista, \u00e9sta es una de las contribuciones m\u00e1s importantes de los arrecifes de coral a las comunidades costeras que he podido experimentar de primera mano.<\/p>\n\n\n\n<h3 class=\"wp-block-heading\">\u00bfCu\u00e1les son algunas de las formas directas e indirectas en que la degradaci\u00f3n de los arrecifes de coral puede afectar a la salud humana?<\/h3>\n\n\n\n<p>Siguiendo con la \u00faltima pregunta, dir\u00eda que se reduce la seguridad alimentaria de las comunidades costeras. Muchas personas que viven en ciudades o lejos del oc\u00e9ano argumentar\u00edan que no obtienen un beneficio directo de los arrecifes de coral. Me gustar\u00eda dar un paso atr\u00e1s y hablar de las formas directas e indirectas en que la degradaci\u00f3n de los <strong>oc\u00e9anos<\/strong> puede afectar a la salud humana.   <\/p>\n\n\n\n<p>Los oc\u00e9anos son el principal ecosistema que regula el clima de la Tierra. Estamos bombeando demasiado di\u00f3xido de carbono, metano y otros gases de efecto invernadero a la atm\u00f3sfera. Todo ello es absorbido por el oc\u00e9ano, y en este proceso, <strong>estamos cambiando gravemente la capacidad de calor y el contenido de gas en el oc\u00e9ano, y esencialmente estamos cambiando su composici\u00f3n qu\u00edmica.<\/strong>   <\/p>\n\n\n\n<p><br>Las olas de calor marinas tambi\u00e9n son cada vez m\u00e1s frecuentes, y observamos impactos del blanqueamiento del coral que pueden degradar los arrecifes y afectar al equilibrio entre las cadenas alimentarias y los h\u00e1bitats de los peces. <strong>La acidificaci\u00f3n de los oc\u00e9anos tambi\u00e9n es un impacto importante<\/strong>, ya que estamos afectando a la capacidad de los crust\u00e1ceos, los peces y los arrecifes para desarrollar estructuras de carbonato c\u00e1lcico debido a los cambios qu\u00edmicos. <strong>Esto afecta directamente a nuestras fuentes de alimentos, no s\u00f3lo en las comunidades costeras, sino en todo el mundo<\/strong>. A medida que cambiamos el equilibrio del oc\u00e9ano, tambi\u00e9n podemos ser propensos a patrones clim\u00e1ticos cambiantes, huracanes m\u00e1s fuertes, tormentas, patrones de lluvia, vientos, sequ\u00edas y corrientes alteradas. As\u00ed pues, <strong>estemos donde estemos, a todos nos afectan estos cambios<\/strong>.  <\/p>\n\n\n\n<figure class=\"wp-block-image size-large\"><img loading=\"lazy\" decoding=\"async\" width=\"1024\" height=\"576\" src=\"https:\/\/coral.org\/wp-content\/uploads\/2025\/01\/6-2-1024x576.jpg\" alt=\"\" class=\"wp-image-8251\" srcset=\"https:\/\/static.coral.org\/uploads\/2025\/01\/6-2-1024x576.jpg 1024w, https:\/\/static.coral.org\/uploads\/2025\/01\/6-2-796x448.jpg 796w, https:\/\/static.coral.org\/uploads\/2025\/01\/6-2-768x432.jpg 768w, https:\/\/static.coral.org\/uploads\/2025\/01\/6-2-1536x864.jpg 1536w, https:\/\/static.coral.org\/uploads\/2025\/01\/6-2.jpg 1600w\" sizes=\"auto, (max-width: 1024px) 100vw, 1024px\" \/><\/figure>\n\n\n\n<h3 class=\"wp-block-heading\">\u00bfCu\u00e1les son las estrategias m\u00e1s eficaces para proteger y restaurar la salud de los arrecifes de coral?<\/h3>\n\n\n\n<p><br>La estrategia m\u00e1s eficaz para proteger los arrecifes de coral es <strong>reducir los factores de estr\u00e9s locales y vincular la ciencia basada en pruebas a la pol\u00edtica y la gobernanza a todos los niveles.<\/strong> Es imprescindible reducir los factores de estr\u00e9s locales, como la implementaci\u00f3n de un manejo adecuado de los residuos (tanto s\u00f3lidos como l\u00edquidos), pesquer\u00edas saludables e inclusivas, y comunidades y ciudadanos comprometidos. <\/p>\n\n\n\n<p>Podr\u00edamos seguir mencionando diversas estrategias a escala local, regional o mundial, pero centrarnos en las soluciones locales es sumamente importante. Al tener agua limpia, nos aseguramos de que los arrecifes no reciben cantidades excesivas de nutrientes y pat\u00f3genos. La falta de tratamiento de las aguas residuales puede provocar un crecimiento excesivo de algas y cianobacterias debido al aumento de los niveles de nutrientes, que luego asfixian y matan los arrecifes.   <\/p>\n\n\n\n<p>Tambi\u00e9n es imperativo que vinculemos la ciencia colaborativa, la innovaci\u00f3n y el monitoreo, junto con la participaci\u00f3n ciudadana y la educaci\u00f3n, a la pol\u00edtica y la gobernanza. Parece una soluci\u00f3n f\u00e1cil, y muchas personas e instituciones han dedicado su vida a apoyar esto de una forma u otra. <\/p>\n\n\n\n<h3 class=\"wp-block-heading\">\u00bfAlgo m\u00e1s?<\/h3>\n\n\n\n<p>Hago mis ecobloques Soy una man\u00edaca del reciclaje. Reciclo latas, papel, vidrio, aparatos electr\u00f3nicos, tetrapak y compost. Todo lo dem\u00e1s que no puedo reciclar, como envoltorios, pl\u00e1sticos de alimentos u otros art\u00edculos, \u00a1lo meto en un ecobloque! Llevo haciendo esto 3 a\u00f1os, y espero construir un gallinero o algo as\u00ed (\u00a1necesito ideas!) con todos los residuos que genero.    <\/p>\n\n\n\n<figure class=\"wp-block-image size-large\"><img loading=\"lazy\" decoding=\"async\" width=\"1024\" height=\"576\" src=\"https:\/\/coral.org\/wp-content\/uploads\/2025\/01\/5-3-1024x576.jpg\" alt=\"\" class=\"wp-image-8247\" srcset=\"https:\/\/static.coral.org\/uploads\/2025\/01\/5-3-1024x576.jpg 1024w, https:\/\/static.coral.org\/uploads\/2025\/01\/5-3-796x448.jpg 796w, https:\/\/static.coral.org\/uploads\/2025\/01\/5-3-768x432.jpg 768w, https:\/\/static.coral.org\/uploads\/2025\/01\/5-3-1536x864.jpg 1536w, https:\/\/static.coral.org\/uploads\/2025\/01\/5-3.jpg 1600w\" sizes=\"auto, (max-width: 1024px) 100vw, 1024px\" \/><\/figure>\n\n\n\n<h2 class=\"wp-block-heading\">Apoya el trabajo de Andrea<\/h2>\n\n\n\n<p>El viaje de Andrea, desde las monta\u00f1as de Honduras hasta las aguas turquesas de Quintana Roo, ejemplifica el poder transformador de la pasi\u00f3n y la colaboraci\u00f3n en la conservaci\u00f3n de los arrecifes de coral. Su trabajo subraya la urgencia y el potencial de unir la ciencia, la acci\u00f3n comunitaria y la pol\u00edtica para proteger estos ecosistemas irremplazables.  <\/p>\n\n\n\n<p>Apoyando a CORAL, ayudas a impulsar proyectos como el de Andrea, que no s\u00f3lo protegen los arrecifes de coral sino que tambi\u00e9n refuerzan el bienestar de las comunidades costeras que dependen de ellos. Juntos podemos crear un oc\u00e9ano m\u00e1s saludable y un futuro m\u00e1s sostenible. \u00danete a nosotros para lograr un impacto duradero.  <\/p>\n\n\n\n<!--HubSpot Call-to-Action Code --><span class=\"hs-cta-wrapper\" id=\"hs-cta-wrapper-70fc796e-0c32-4f35-a2c5-be286f203c04\"><span class=\"hs-cta-node hs-cta-70fc796e-0c32-4f35-a2c5-be286f203c04\" id=\"hs-cta-70fc796e-0c32-4f35-a2c5-be286f203c04\"><!--[if lte IE 8]><div id=\"hs-cta-ie-element\"><\/div><![endif]--><a href=\"https:\/\/cta-redirect.hubspot.com\/cta\/redirect\/39879831\/70fc796e-0c32-4f35-a2c5-be286f203c04\"><img decoding=\"async\" class=\"hs-cta-img\" id=\"hs-cta-img-70fc796e-0c32-4f35-a2c5-be286f203c04\" style=\"border-width:0px;\" src=\"https:\/\/no-cache.hubspot.com\/cta\/default\/39879831\/70fc796e-0c32-4f35-a2c5-be286f203c04.png\" alt=\"Apoya nuestra labor de evaluaci\u00f3n de los arrecifes de coral>\u00ab\/><\/a><\/span><script charset=\"utf-8\" src=\"https:\/\/js.hscta.net\/cta\/current.js\"><\/script><script type=\"text\/javascript\"> hbspt.cta.load(39879831, '70fc796e-0c32-4f35-a2c5-be286f203c04', {\"useNewLoader\":\"true\",\"region\":\"na1\"}); <\/script><\/span><!-- end HubSpot Call-to-Action Code -->\n\n\n\n<p><a href=\"https:\/\/cta-redirect.hubspot.com\/cta\/redirect\/39879831\/e98c3d0c-740e-492d-8437-b905b54c66a5\"><\/a><a href=\"https:\/\/cta-redirect.hubspot.com\/cta\/redirect\/39879831\/e98c3d0c-740e-492d-8437-b905b54c66a5\"><\/a><a href=\"https:\/\/cta-redirect.hubspot.com\/cta\/redirect\/39879831\/e98c3d0c-740e-492d-8437-b905b54c66a5\"><\/a><a href=\"https:\/\/cta-redirect.hubspot.com\/cta\/redirect\/39879831\/e98c3d0c-740e-492d-8437-b905b54c66a5\"><\/a><a href=\"https:\/\/cta-redirect.hubspot.com\/cta\/redirect\/39879831\/e98c3d0c-740e-492d-8437-b905b54c66a5\"><\/a><a href=\"https:\/\/cta-redirect.hubspot.com\/cta\/redirect\/39879831\/e98c3d0c-740e-492d-8437-b905b54c66a5\"><\/a><a href=\"https:\/\/cta-redirect.hubspot.com\/cta\/redirect\/39879831\/e98c3d0c-740e-492d-8437-b905b54c66a5\"><\/a><\/p>\n\n\n\n<p><a href=\"https:\/\/cta-redirect.hubspot.com\/cta\/redirect\/39879831\/e98c3d0c-740e-492d-8437-b905b54c66a5\"><\/a><a href=\"https:\/\/cta-redirect.hubspot.com\/cta\/redirect\/39879831\/e98c3d0c-740e-492d-8437-b905b54c66a5\"><\/a><a href=\"https:\/\/cta-redirect.hubspot.com\/cta\/redirect\/39879831\/e98c3d0c-740e-492d-8437-b905b54c66a5\"><\/a><\/p>\n\n\n\n<p><\/p>\n","protected":false},"excerpt":{"rendered":"<p>Conoce a Andrea Rivera-Sosa, Directora de Proyectos y Difusi\u00f3n de la Alianza para los Arrecifes de Coral. Andrea ha dedicado su vida a proteger los vibrantes y fr\u00e1giles ecosistemas de los arrecifes de coral. Su temprana curiosidad por el mundo natural se convirti\u00f3 en una pasi\u00f3n para toda la vida. En la actualidad, aprovecha su&hellip; <a href=\"https:\/\/coral.org\/es\/blog\/conoce-a-andrea-cientifica-marina-y-conservacionista\/\" class=\"more-link\">Sigue Leyendo &#8594;<\/a><\/p>\n","protected":false},"author":9,"featured_media":8229,"comment_status":"closed","ping_status":"closed","sticky":false,"template":"","format":"standard","meta":{"_acf_changed":false,"inline_featured_image":false,"_genesis_hide_title":false,"_genesis_hide_breadcrumbs":false,"_genesis_hide_singular_image":false,"_genesis_hide_footer_widgets":false,"_genesis_custom_body_class":"","_genesis_custom_post_class":"","_genesis_layout":"","_genesis_transparent_header":false,"_genesis_hide_siblings_nav":false,"_genesis_hide_flyout":false,"_genesis_subtitle":"","_genesis_subheading":"","footnotes":""},"categories":[2,337],"tags":[391],"class_list":{"0":"post-8289","1":"post","2":"type-post","3":"status-publish","4":"format-standard","5":"has-post-thumbnail","7":"category-noticias","8":"category-staff-profiles-es","9":"tag-assess","10":"entry"},"acf":[],"template_part":"\n<article class=\"article article-post post-8289 post type-post status-publish format-standard has-post-thumbnail category-noticias category-staff-profiles-es tag-assess entry\">\n\t<div class=\"entry-image\">\n\t\t<a href=\"https:\/\/coral.org\/es\/blog\/conoce-a-andrea-cientifica-marina-y-conservacionista\/\">\n\t\t\t<img width=\"740\" height=\"560\" src=\"https:\/\/static.coral.org\/uploads\/2025\/01\/12-740x560.jpg\" class=\"attachment-preview size-preview wp-post-image\" alt=\"\" decoding=\"async\" loading=\"lazy\" \/>\t\t<\/a>\n\t<\/div>\n\t<div class=\"entry-meta\">\n\t\t<ul class=\"post-categories\">\n\t<li><a href=\"https:\/\/coral.org\/es\/blog\/category\/noticias\/\" rel=\"category tag\">Noticias<\/a><\/li>\n\t<li><a href=\"https:\/\/coral.org\/es\/blog\/category\/staff-profiles-es\/\" rel=\"category tag\">Personal de CORAL<\/a><\/li><\/ul>\t<\/div>\n\t<div class=\"entry-body\">\n\t\t<h2 class=\"entry-title\"><a href=\"https:\/\/coral.org\/es\/blog\/conoce-a-andrea-cientifica-marina-y-conservacionista\/\" class=\"entry-title-link\">Conoce a Andrea, cient\u00edfica marina y conservacionista<\/a><\/h2>\t\t<p>Conoce a Andrea Rivera-Sosa, Directora de Proyectos y Difusi\u00f3n de la Alianza para los Arrecifes de Coral. Andrea ha dedicado su vida a proteger los vibrantes y fr\u00e1giles ecosistemas de los arrecifes de coral. Su temprana curiosidad por el mundo natural se convirti\u00f3 en una pasi\u00f3n para toda la vida. En la actualidad, aprovecha su&hellip; <a href=\"https:\/\/coral.org\/es\/blog\/conoce-a-andrea-cientifica-marina-y-conservacionista\/\" class=\"more-link\">Sigue Leyendo &#8594;<\/a><\/p>\n\t<\/div>\n<\/article>\n","featured_image_src":"https:\/\/static.coral.org\/uploads\/2025\/01\/12-600x400.jpg","featured_image_src_square":"https:\/\/static.coral.org\/uploads\/2025\/01\/12-600x600.jpg","author_info":{"display_name":"Kat Kelly","author_link":"https:\/\/coral.org\/es\/blog\/author\/kat\/"},"jetpack_featured_media_url":"https:\/\/static.coral.org\/uploads\/2025\/01\/12.jpg","_links":{"self":[{"href":"https:\/\/coral.org\/es\/wp-json\/wp\/v2\/posts\/8289","targetHints":{"allow":["GET"]}}],"collection":[{"href":"https:\/\/coral.org\/es\/wp-json\/wp\/v2\/posts"}],"about":[{"href":"https:\/\/coral.org\/es\/wp-json\/wp\/v2\/types\/post"}],"author":[{"embeddable":true,"href":"https:\/\/coral.org\/es\/wp-json\/wp\/v2\/users\/9"}],"replies":[{"embeddable":true,"href":"https:\/\/coral.org\/es\/wp-json\/wp\/v2\/comments?post=8289"}],"version-history":[{"count":0,"href":"https:\/\/coral.org\/es\/wp-json\/wp\/v2\/posts\/8289\/revisions"}],"wp:featuredmedia":[{"embeddable":true,"href":"https:\/\/coral.org\/es\/wp-json\/wp\/v2\/media\/8229"}],"wp:attachment":[{"href":"https:\/\/coral.org\/es\/wp-json\/wp\/v2\/media?parent=8289"}],"wp:term":[{"taxonomy":"category","embeddable":true,"href":"https:\/\/coral.org\/es\/wp-json\/wp\/v2\/categories?post=8289"},{"taxonomy":"post_tag","embeddable":true,"href":"https:\/\/coral.org\/es\/wp-json\/wp\/v2\/tags?post=8289"}],"curies":[{"name":"wp","href":"https:\/\/api.w.org\/{rel}","templated":true}]}}