{"id":8715,"date":"2025-08-18T10:10:56","date_gmt":"2025-08-18T17:10:56","guid":{"rendered":"https:\/\/coral.org\/blog\/honduras-emite-veda-nacional-de-pesca-para-proteger-arrecifes-de-coral-meros-y-especies-marinas-clave\/"},"modified":"2025-08-18T10:14:14","modified_gmt":"2025-08-18T17:14:14","slug":"honduras-emite-veda-nacional-de-pesca-para-proteger-arrecifes-de-coral-meros-y-especies-marinas-clave","status":"publish","type":"post","link":"https:\/\/coral.org\/es\/blog\/honduras-emite-veda-nacional-de-pesca-para-proteger-arrecifes-de-coral-meros-y-especies-marinas-clave\/","title":{"rendered":"Honduras emite veda nacional de pesca para proteger arrecifes de coral, meros y especies marinas clave"},"content":{"rendered":"\n<p><strong><em>Una importante victoria para la conservaci\u00f3n de los arrecifes de coral en la regi\u00f3n del Arrecife Mesoamericano<\/em><\/strong><\/p>\n\n<p>Despu\u00e9s de m\u00e1s de tres a\u00f1os de colaboraci\u00f3n, persistencia y defensa basada en la ciencia, la Alianza para los Arrecifes de Coral (CORAL) y nuestros socios del Comit\u00e9 T\u00e9cnico de las Islas de la Bah\u00eda, Arrecifes Saludables para Gente Saludable, Fundaci\u00f3n Cayos Cochinos y Fundaci\u00f3n Cuero y Salado han alcanzado un hito emocionante para la conservaci\u00f3n marina en Honduras. <\/p>\n\n<p>Liderado por la Direcci\u00f3n General de Pesca y Acuicultura (DIGEPESCA) y el Comit\u00e9 T\u00e9cnico de Islas de la Bah\u00eda, se emiti\u00f3 un <strong>decreto ministerial<\/strong> para <strong>fortalecer la protecci\u00f3n de especies clave de arrecifes<\/strong> en todo el pa\u00eds. A partir de marzo, esta <strong>veda<\/strong> <strong>a nivel nacional<\/strong> proh\u00edbe la captura de <strong>peces herb\u00edvoros y especies clave de meros<\/strong> durante su <strong>temporada de desove<\/strong> (de noviembre a abril), un per\u00edodo vital para la reproducci\u00f3n y la resiliencia de los arrecifes. El decreto tambi\u00e9n <strong>restablece las vedas estacionales de la langosta espinosa y el caracol reina.<\/strong>   <\/p>\n\n<figure class=\"wp-block-image alignright size-large\" style=\"margin-top:var(--wp--preset--spacing--6);margin-right:0;margin-bottom:var(--wp--preset--spacing--6);margin-left:var(--wp--preset--spacing--6)\"><img loading=\"lazy\" decoding=\"async\" width=\"1024\" height=\"776\" src=\"https:\/\/static.coral.org\/uploads\/2025\/07\/Meeting-with-Fisheries-Dept-1024x776.jpg\" alt=\"Reuni&#xF3;n sobre la veda pesquera en los arrecifes de coral de Honduras\" class=\"wp-image-8638\" title=\"Veda pesquera en los arrecifes de coral de Honduras\" srcset=\"https:\/\/static.coral.org\/uploads\/2025\/07\/Meeting-with-Fisheries-Dept-1024x776.jpg 1024w, https:\/\/static.coral.org\/uploads\/2025\/07\/Meeting-with-Fisheries-Dept-796x603.jpg 796w, https:\/\/static.coral.org\/uploads\/2025\/07\/Meeting-with-Fisheries-Dept-768x582.jpg 768w, https:\/\/static.coral.org\/uploads\/2025\/07\/Meeting-with-Fisheries-Dept-740x560.jpg 740w, https:\/\/static.coral.org\/uploads\/2025\/07\/Meeting-with-Fisheries-Dept.jpg 1500w\" sizes=\"auto, (max-width: 1024px) 100vw, 1024px\" \/><\/figure>\n\n<p>Es un poderoso paso adelante para la resiliencia de los arrecifes y un resultado directo del trabajo conjunto de socios locales y nacionales para proteger el futuro del Arrecife Mesoamericano, uno de los ecosistemas marinos con mayor biodiversidad del mundo.<\/p>\n\n<h3 class=\"wp-block-heading\">Por qu\u00e9 es importante proteger las especies<\/h3>\n\n<p>La salud de los arrecifes de coral depende de la presencia de especies clave para mantener el equilibrio ecol\u00f3gico. <\/p>\n\n<p><strong>Los meros<\/strong> desempe\u00f1an un papel fundamental como depredadores \u00e1pice, ayudando a regular las poblaciones de otros organismos del arrecife. <strong>Los peces loro y otros herb\u00edvoros<\/strong> son herb\u00edvoros naturales que mantienen bajo control las algas y permiten que las larvas de coral se asienten y crezcan. Y especies como la <strong>langosta y el caracol<\/strong> no solo son ecol\u00f3gicamente vitales, sino tambi\u00e9n econ\u00f3micamente significativas para las comunidades locales.  <\/p>\n\n<p><strong>Cuando estas especies son objeto de sobrepesca, todo el sistema de arrecifes empieza a desmoronarse.<\/strong><\/p>\n\n<p>Al asegurar mecanismos de protecci\u00f3n legal para estas especies, Honduras est\u00e1 tomando un paso audaz para asegurar la sostenibilidad a largo plazo tanto de sus arrecifes como de los medios de vida costeros.<\/p>\n\n<blockquote class=\"wp-block-quote is-layout-flow wp-block-quote-is-layout-flow\">\n<p><em>Este decreto refuerza el compromiso del Gobierno de Honduras con la gesti\u00f3n responsable y sostenible de los recursos marinos. Al proteger especies clave durante la reproducci\u00f3n -como peces herb\u00edvoros, meros, langostas espinosas y caracoles reina- se favorece la salud de los arrecifes y se garantiza la sostenibilidad de pesquer\u00edas costeras de importancia econ\u00f3mica y social. <\/em><\/p>\n\n\n\n<p><em>Tambi\u00e9n refleja el compromiso permanente de DIGEPESCA con la gesti\u00f3n de pesquer\u00edas basada en la ciencia, la conservaci\u00f3n de h\u00e1bitats cr\u00edticos y un enfoque basado en el ecosistema, tal y como se describe en la Ley de Pesca y Acuicultura.<\/em><\/p>\n\n\n\n<p><em>El proceso participativo detr\u00e1s de esta medida, con la participaci\u00f3n activa de las ONG, DIGEPESCA, ICF y aliados t\u00e9cnicos como CORAL, muestra la voluntad institucional para crear soluciones t\u00e9cnicamente s\u00f3lidas y alineadas con los compromisos regionales (OSPESCA) y globales (ODS).<\/em><\/p>\n<cite>Kaina Alvarado MSc. Directora de DIGEPESCA <\/cite><\/blockquote>\n\n<h3 class=\"wp-block-heading\">Apoyar nuestra visi\u00f3n estrat\u00e9gica<\/h3>\n\n<p>Este hito pol\u00edtico apoya directamente uno de los pilares del nuevo plan estrat\u00e9gico de CORAL: <strong>crear y apoyar \u00e1reas marinas protegidas (AMP) bien gestionadas.<\/strong> Las normativas legales son solo el primer paso: la implementaci\u00f3n, el seguimiento y el cumplimiento continuos son fundamentales para obtener los beneficios de estas medidas de protecci\u00f3n. <\/p>\n\n<p><em><a href=\"https:\/\/coral.org\/en\/blog\/a-bold-new-plan-for-coral-reef-conservation\/\" target=\"_blank\" rel=\"noreferrer noopener\">M\u00e1s informaci\u00f3n sobre nuestra visi\u00f3n aqu\u00ed  &gt;<\/a><\/em><\/p>\n\n<h3 class=\"wp-block-heading\">Cambio de pol\u00edticas para la conservaci\u00f3n mundial de los arrecifes<\/h3>\n\n<p>En CORAL creemos que la protecci\u00f3n duradera de los arrecifes requiere tanto acciones locales como cambios sist\u00e9micos, es decir, sistemas y estructuras que hagan que la conservaci\u00f3n sea duradera. Por eso la labor en materia de pol\u00edticas se ha convertido en un elemento central de nuestra estrategia de conservaci\u00f3n.  <\/p>\n\n<p>Ya sea que estemos asegurando prohibiciones de pesca nacionales, apoyando \u00e1reas marinas protegidas (AMP) clim\u00e1ticamente inteligentes o dando forma a pol\u00edticas pesqueras sostenibles, estamos trabajando junto con gobiernos y socios para traducir la ciencia de vanguardia en leyes duraderas.<\/p>\n\n<figure class=\"wp-block-image size-large\"><img loading=\"lazy\" decoding=\"async\" width=\"1024\" height=\"686\" src=\"https:\/\/static.coral.org\/uploads\/2025\/07\/MesoAmerican-Reef-by-Antonio-Busiello-1024x686.jpg\" alt=\"Peces saludables nadando en un arrecife de coral en Honduras.\" class=\"wp-image-8646\" srcset=\"https:\/\/static.coral.org\/uploads\/2025\/07\/MesoAmerican-Reef-by-Antonio-Busiello-1024x686.jpg 1024w, https:\/\/static.coral.org\/uploads\/2025\/07\/MesoAmerican-Reef-by-Antonio-Busiello-796x533.jpg 796w, https:\/\/static.coral.org\/uploads\/2025\/07\/MesoAmerican-Reef-by-Antonio-Busiello-768x514.jpg 768w, https:\/\/static.coral.org\/uploads\/2025\/07\/MesoAmerican-Reef-by-Antonio-Busiello-1536x1029.jpg 1536w, https:\/\/static.coral.org\/uploads\/2025\/07\/MesoAmerican-Reef-by-Antonio-Busiello.jpg 1750w\" sizes=\"auto, (max-width: 1024px) 100vw, 1024px\" \/><\/figure>\n\n<p>Este decreto de Honduras es un poderoso ejemplo de c\u00f3mo una pol\u00edtica colaborativa y basada en la ciencia puede proteger los ecosistemas. Y no es solo una victoria para Honduras: es un modelo escalable que pretendemos replicar en todos nuestros <strong>Hubs de CORAL<\/strong>, incluido Haw\u00e1i y otros lugares del mundo. <\/p>\n\n<p><em><a href=\"https:\/\/coral.org\/en\/blog\/coral-is-expanding-into-new-regions\/\" target=\"_blank\" rel=\"noreferrer noopener\">M\u00e1s informaci\u00f3n sobre nuestros planes de expansi\u00f3n aqu\u00ed &gt;<\/a><\/em><\/p>\n\n<p>Al incorporar la promoci\u00f3n de pol\u00edticas en cada centro, ya sea en las Islas de la Bah\u00eda, Haw\u00e1i o nuevos sitios emergentes, garantizamos que los esfuerzos de conservaci\u00f3n de los arrecifes sean <strong>duraderos<\/strong>, <strong>ejecutables<\/strong> y <strong>alineados con las necesidades comunitarias y ecol\u00f3gicas<\/strong>. <\/p>\n\n<h3 class=\"wp-block-heading\">\u00bfQu\u00e9 sigue? <\/h3>\n\n<p><strong><em>Implementaci\u00f3n y responsabilidad compartida<\/em><\/strong><\/p>\n\n<p>De cara al futuro, CORAL continuar\u00e1 brindando asistencia t\u00e9cnica a las organizaciones responsables del manejo de las \u00e1reas protegidas en Honduras, as\u00ed como a las autoridades nacionales. <\/p>\n\n<blockquote class=\"wp-block-quote is-layout-flow wp-block-quote-is-layout-flow\">\n<p><em>La implementaci\u00f3n de este importante decreto es un paso importante para la conservaci\u00f3n marina, pero tambi\u00e9n presenta desaf\u00edos compartidos. Las cuestiones clave incluyen el fortalecimiento de la capacidad de aplicaci\u00f3n de la ley en las zonas costeras y arrecifales, la mejora de la coordinaci\u00f3n interinstitucional y la promoci\u00f3n de la sensibilizaci\u00f3n y la participaci\u00f3n activa entre las comunidades pesqueras. <\/em><\/p>\n\n\n\n<p><em>Si bien la autoridad pesquera nacional est\u00e1 firmemente comprometida con la aplicaci\u00f3n de las vedas estacionales, actualmente enfrenta limitaciones operativas y log\u00edsticas. Sin embargo, se est\u00e1n realizando esfuerzos para fortalecer la capacidad institucional de la DIGEPESCA y superar estas barreras. <\/em><\/p>\n\n\n\n<p><em>A trav\u00e9s de la cooperaci\u00f3n t\u00e9cnica con socios como CORAL y la coordinaci\u00f3n con otras instituciones estatales, se espera lograr avances sustanciales en el corto plazo hacia la implementaci\u00f3n plena y sostenible de las medidas establecidas en el Acuerdo Ministerial.<\/em><\/p>\n<cite>Kaina Alvarado MSc. Directora de DIGEPESCA <\/cite><\/blockquote>\n\n<figure class=\"wp-block-image size-large\"><img loading=\"lazy\" decoding=\"async\" width=\"1024\" height=\"738\" src=\"https:\/\/static.coral.org\/uploads\/2025\/07\/Grouper-Spawning-Honduras-1024x738.jpg\" alt=\"\" class=\"wp-image-8640\" srcset=\"https:\/\/static.coral.org\/uploads\/2025\/07\/Grouper-Spawning-Honduras-1024x738.jpg 1024w, https:\/\/static.coral.org\/uploads\/2025\/07\/Grouper-Spawning-Honduras-796x574.jpg 796w, https:\/\/static.coral.org\/uploads\/2025\/07\/Grouper-Spawning-Honduras-768x553.jpg 768w, https:\/\/static.coral.org\/uploads\/2025\/07\/Grouper-Spawning-Honduras-1536x1107.jpg 1536w, https:\/\/static.coral.org\/uploads\/2025\/07\/Grouper-Spawning-Honduras.jpg 2000w\" sizes=\"auto, (max-width: 1024px) 100vw, 1024px\" \/><figcaption class=\"wp-element-caption\">Fotograf\u00eda de Caroline Power<\/figcaption><\/figure>\n\n<h3 class=\"wp-block-heading\">Un modelo para el futuro<\/h3>\n\n<p>Este hito subraya lo que es posible cuando los gobiernos, las comunidades y las organizaciones de conservaci\u00f3n trabajan unidos. Con ciencia compartida, metas compartidas y acci\u00f3n compartida, podemos garantizar que <strong>los arrecifes de coral no solo sobrevivan, sino que prosperen.<\/strong> <\/p>\n\n<p><strong>Nuestro trabajo en Honduras no termina aqu\u00ed.<\/strong> Seguiremos impulsando pol\u00edticas que protejan la biodiversidad, apoyen los medios de subsistencia y <strong>fomenten la resiliencia de las generaciones venideras.<\/strong><\/p>\n\n<!--HubSpot Call-to-Action Code --><span class=\"hs-cta-wrapper\" id=\"hs-cta-wrapper-95e75a45-1270-4209-b474-621411a4507f\"><span class=\"hs-cta-node hs-cta-95e75a45-1270-4209-b474-621411a4507f\" id=\"hs-cta-95e75a45-1270-4209-b474-621411a4507f\"><!--[if lte IE 8]><div id=\"hs-cta-ie-element\"><\/div><![endif]--><a href=\"https:\/\/cta-redirect.hubspot.com\/cta\/redirect\/39879831\/95e75a45-1270-4209-b474-621411a4507f\"><img decoding=\"async\" class=\"hs-cta-img\" id=\"hs-cta-img-95e75a45-1270-4209-b474-621411a4507f\" style=\"border-width:0px;\" src=\"https:\/\/no-cache.hubspot.com\/cta\/default\/39879831\/95e75a45-1270-4209-b474-621411a4507f.png\" alt=\"Sin Peces No Hay Corales - Apoya nuestro trabajo en pesquer\u00edas\"\/><\/a><\/span><script charset=\"utf-8\" src=\"https:\/\/js.hscta.net\/cta\/current.js\"><\/script><script type=\"text\/javascript\"> hbspt.cta.load(39879831, '95e75a45-1270-4209-b474-621411a4507f', {\"useNewLoader\":\"true\",\"region\":\"na1\"}); <\/script><\/span><!-- end HubSpot Call-to-Action Code -->\n\n<p><\/p>\n","protected":false},"excerpt":{"rendered":"<p>Una importante victoria para la conservaci\u00f3n de los arrecifes de coral en la regi\u00f3n del Arrecife Mesoamericano Despu\u00e9s de m\u00e1s de tres a\u00f1os de colaboraci\u00f3n, persistencia y defensa basada en la ciencia, la Alianza para los Arrecifes de Coral (CORAL) y nuestros socios del Comit\u00e9 T\u00e9cnico de las Islas de la Bah\u00eda, Arrecifes Saludables para&hellip; <a href=\"https:\/\/coral.org\/es\/blog\/honduras-emite-veda-nacional-de-pesca-para-proteger-arrecifes-de-coral-meros-y-especies-marinas-clave\/\" class=\"more-link\">Sigue Leyendo &#8594;<\/a><\/p>\n","protected":false},"author":11,"featured_media":8663,"comment_status":"closed","ping_status":"closed","sticky":false,"template":"","format":"standard","meta":{"_acf_changed":false,"inline_featured_image":false,"_genesis_hide_title":false,"_genesis_hide_breadcrumbs":false,"_genesis_hide_singular_image":false,"_genesis_hide_footer_widgets":false,"_genesis_custom_body_class":"","_genesis_custom_post_class":"","_genesis_layout":"","_genesis_transparent_header":false,"_genesis_hide_siblings_nav":false,"_genesis_hide_flyout":false,"_genesis_subtitle":"","_genesis_subheading":"","footnotes":""},"categories":[419,381],"tags":[416,434,433,421,414,432],"class_list":{"0":"post-8715","1":"post","2":"type-post","3":"status-publish","4":"format-standard","5":"has-post-thumbnail","7":"category-pesca-sostenible","8":"category-socios","9":"tag-coral-reef-conservation","10":"tag-grouper-spawning-season","11":"tag-honduras-fishing-ban","12":"tag-marine-protected-areas","13":"tag-mesoamerican-reef","14":"tag-sustainable-fisheries","15":"entry"},"acf":[],"template_part":"\n<article class=\"article article-post post-8715 post type-post status-publish format-standard has-post-thumbnail category-pesca-sostenible category-socios tag-coral-reef-conservation tag-grouper-spawning-season tag-honduras-fishing-ban tag-marine-protected-areas tag-mesoamerican-reef tag-sustainable-fisheries entry\">\n\t<div class=\"entry-image\">\n\t\t<a href=\"https:\/\/coral.org\/es\/blog\/honduras-emite-veda-nacional-de-pesca-para-proteger-arrecifes-de-coral-meros-y-especies-marinas-clave\/\">\n\t\t\t<img width=\"740\" height=\"560\" src=\"https:\/\/static.coral.org\/uploads\/2025\/07\/Grouper-in-Disguise-1750px-740x560.webp\" class=\"attachment-preview size-preview wp-post-image\" alt=\"\" decoding=\"async\" loading=\"lazy\" \/>\t\t<\/a>\n\t<\/div>\n\t<div class=\"entry-meta\">\n\t\t<ul class=\"post-categories\">\n\t<li><a href=\"https:\/\/coral.org\/es\/blog\/category\/pesca-sostenible\/\" rel=\"category tag\">Pesca sostenible<\/a><\/li>\n\t<li><a href=\"https:\/\/coral.org\/es\/blog\/category\/socios\/\" rel=\"category tag\">Socios<\/a><\/li><\/ul>\t<\/div>\n\t<div class=\"entry-body\">\n\t\t<h2 class=\"entry-title\"><a href=\"https:\/\/coral.org\/es\/blog\/honduras-emite-veda-nacional-de-pesca-para-proteger-arrecifes-de-coral-meros-y-especies-marinas-clave\/\" class=\"entry-title-link\">Honduras emite veda nacional de pesca para proteger arrecifes de coral, meros y especies marinas clave<\/a><\/h2>\t\t<p>Una importante victoria para la conservaci\u00f3n de los arrecifes de coral en la regi\u00f3n del Arrecife Mesoamericano Despu\u00e9s de m\u00e1s de tres a\u00f1os de colaboraci\u00f3n, persistencia y defensa basada en la ciencia, la Alianza para los Arrecifes de Coral (CORAL) y nuestros socios del Comit\u00e9 T\u00e9cnico de las Islas de la Bah\u00eda, Arrecifes Saludables para&hellip; <a href=\"https:\/\/coral.org\/es\/blog\/honduras-emite-veda-nacional-de-pesca-para-proteger-arrecifes-de-coral-meros-y-especies-marinas-clave\/\" class=\"more-link\">Sigue Leyendo &#8594;<\/a><\/p>\n\t<\/div>\n<\/article>\n","featured_image_src":"https:\/\/static.coral.org\/uploads\/2025\/07\/Grouper-in-Disguise-1750px-600x400.webp","featured_image_src_square":"https:\/\/static.coral.org\/uploads\/2025\/07\/Grouper-in-Disguise-1750px-600x600.webp","author_info":{"display_name":"Coral Reef Alliance","author_link":"https:\/\/coral.org\/es\/blog\/author\/communicationscoral-org\/"},"jetpack_featured_media_url":"https:\/\/static.coral.org\/uploads\/2025\/07\/Grouper-in-Disguise-1750px.webp","_links":{"self":[{"href":"https:\/\/coral.org\/es\/wp-json\/wp\/v2\/posts\/8715","targetHints":{"allow":["GET"]}}],"collection":[{"href":"https:\/\/coral.org\/es\/wp-json\/wp\/v2\/posts"}],"about":[{"href":"https:\/\/coral.org\/es\/wp-json\/wp\/v2\/types\/post"}],"author":[{"embeddable":true,"href":"https:\/\/coral.org\/es\/wp-json\/wp\/v2\/users\/11"}],"replies":[{"embeddable":true,"href":"https:\/\/coral.org\/es\/wp-json\/wp\/v2\/comments?post=8715"}],"version-history":[{"count":0,"href":"https:\/\/coral.org\/es\/wp-json\/wp\/v2\/posts\/8715\/revisions"}],"wp:featuredmedia":[{"embeddable":true,"href":"https:\/\/coral.org\/es\/wp-json\/wp\/v2\/media\/8663"}],"wp:attachment":[{"href":"https:\/\/coral.org\/es\/wp-json\/wp\/v2\/media?parent=8715"}],"wp:term":[{"taxonomy":"category","embeddable":true,"href":"https:\/\/coral.org\/es\/wp-json\/wp\/v2\/categories?post=8715"},{"taxonomy":"post_tag","embeddable":true,"href":"https:\/\/coral.org\/es\/wp-json\/wp\/v2\/tags?post=8715"}],"curies":[{"name":"wp","href":"https:\/\/api.w.org\/{rel}","templated":true}]}}