{"id":8972,"date":"2025-12-17T13:50:13","date_gmt":"2025-12-17T21:50:13","guid":{"rendered":"https:\/\/coral.org\/blog\/coral-inaugura-un-nuevo-centro-de-operaciones-en-el-caribe-oriental\/"},"modified":"2025-12-17T13:58:32","modified_gmt":"2025-12-17T21:58:32","slug":"coral-inaugura-un-nuevo-centro-de-operaciones-en-el-caribe-oriental","status":"publish","type":"post","link":"https:\/\/coral.org\/es\/blog\/coral-inaugura-un-nuevo-centro-de-operaciones-en-el-caribe-oriental\/","title":{"rendered":"CORAL inaugura un nuevo centro regional en el Caribe Oriental"},"content":{"rendered":"\n<p><strong>\u00daLTIMA HORA: \u00a1La Alianza para los Arrecifes de Coral se expande al Caribe Oriental!<\/strong><\/p>\n\n\n\n<p>Durante m\u00e1s de 30 a\u00f1os, la Alianza para los Arrecifes de Coral (CORAL) ha colaborado con comunidades, cient\u00edficos y gobiernos de Haw\u00e1i, el Arrecife Mesoamericano y el Indo-Pac\u00edfico para proteger los arrecifes de coral y a las personas que dependen de ellos.<\/p>\n\n\n\n<p>Desde evitar que m\u00e1s de 30 millones de galones de aguas residuales lleguen al oc\u00e9ano cada a\u00f1o hasta ayudar a proteger m\u00e1s de 800 mil hect\u00e1reas de h\u00e1bitat marino, nuestro enfoque ha demostrado que cuando el liderazgo local, la ciencia y el apoyo a largo plazo se alinean, los arrecifes tienen una oportunidad de sobrevivir.<\/p>\n\n\n\n<p>Ahora estamos ampliando ese impacto. <br>Mira el video y sigue leyendo para ver qu\u00e9 sigue&#8230;<\/p>\n\n\n\n<figure class=\"wp-block-embed is-type-video is-provider-youtube wp-block-embed-youtube wp-embed-aspect-16-9 wp-has-aspect-ratio\"><div class=\"wp-block-embed__wrapper\">\n<iframe loading=\"lazy\" title=\"We&#039;re Expanding!\" width=\"500\" height=\"281\" src=\"https:\/\/www.youtube.com\/embed\/X478Ac7CHwE?feature=oembed\" frameborder=\"0\" allow=\"accelerometer; autoplay; clipboard-write; encrypted-media; gyroscope; picture-in-picture; web-share\" referrerpolicy=\"strict-origin-when-cross-origin\" allowfullscreen><\/iframe>\n<\/div><\/figure>\n\n\n\n<h3 class=\"wp-block-heading\"><strong>\u00a1Pr\u00f3xima parada: el Caribe Oriental!<\/strong><\/h3>\n\n\n\n<p>El Caribe Oriental alberga algunos de los sistemas de arrecifes m\u00e1s conectados ecol\u00f3gicamente del planeta, que se extienden por islas como San Vicente, Santa Luc\u00eda y Dominica. Estos arrecifes: <\/p>\n\n\n\n<ul class=\"wp-block-list\">\n<li>Protegen las costas de las fuertes tormentas<\/li>\n\n\n\n<li>Apoyan los medios de vida a trav\u00e9s de la pesca y el turismo<\/li>\n\n\n\n<li>Tienen un profundo significado cultural para las comunidades costeras<\/li>\n<\/ul>\n\n\n\n<p><strong>Sin embargo, estos ecosistemas se enfrentan a amenazas cada vez m\u00e1s graves: contaminaci\u00f3n, sobrepesca, enfermedades de los corales, olas de calor marinas y huracanes m\u00e1s fuertes.<\/strong><\/p>\n\n\n\n<figure class=\"wp-block-image size-large is-resized\"><img loading=\"lazy\" decoding=\"async\" width=\"1024\" height=\"682\" src=\"https:\/\/static.coral.org\/uploads\/2025\/11\/Dying-Coral-1024x682.jpg\" alt=\"\" class=\"wp-image-8853\" style=\"width:1033px;height:auto\" srcset=\"https:\/\/static.coral.org\/uploads\/2025\/11\/Dying-Coral-1024x682.jpg 1024w, https:\/\/static.coral.org\/uploads\/2025\/11\/Dying-Coral-796x531.jpg 796w, https:\/\/static.coral.org\/uploads\/2025\/11\/Dying-Coral-768x512.jpg 768w, https:\/\/static.coral.org\/uploads\/2025\/11\/Dying-Coral-1536x1024.jpg 1536w, https:\/\/static.coral.org\/uploads\/2025\/11\/Dying-Coral-600x400.jpg 600w, https:\/\/static.coral.org\/uploads\/2025\/11\/Dying-Coral.jpg 2000w\" sizes=\"auto, (max-width: 1024px) 100vw, 1024px\" \/><figcaption class=\"wp-element-caption\">La cobertura coralina est\u00e1 disminuyendo a medida que las algas invaden el espacio<br>Fotograf\u00eda de Kate Beebe<\/figcaption><\/figure>\n\n\n\n<p>Los cient\u00edficos advierten que <strong>hasta el 90 % de los arrecifes podr\u00edan desaparecer para el a\u00f1o 2050<\/strong> a menos que ampliemos las soluciones eficaces.<\/p>\n\n\n\n<p>\u00bfLa buena noticia?<br>D\u00e9cadas de investigaci\u00f3n demuestran que los arrecifes pueden adaptarse <strong>si son diversos, est\u00e1n protegidos y se gestionan adecuadamente.<\/strong><\/p>\n\n\n\n<p>Eso es precisamente lo que CORAL est\u00e1 aqu\u00ed para apoyar. Nuestro equipo tiene amplia experiencia en soluciones eficaces y est\u00e1 listo para sumergirse en una nueva regi\u00f3n.  <\/p>\n\n\n\n<h3 class=\"wp-block-heading\"><strong>Nuestro enfoque probado, aplicado en todo el Caribe Oriental<\/strong><\/h3>\n\n\n\n<p>El lanzamiento de un nuevo centro regional para fortalecer la resiliencia de los arrecifes en todo el Caribe Oriental significa:<\/p>\n\n\n\n<ul class=\"wp-block-list\">\n<li><strong>Mejorar la gesti\u00f3n de las aguas residuales<\/strong> para evitar la contaminaci\u00f3n del oc\u00e9ano<\/li>\n\n\n\n<li><strong>Apoyar a las \u00e1reas marinas protegidas (AMP) de manera efectiva<\/strong><\/li>\n\n\n\n<li><strong>Fomentar la capacidad y el liderazgo locales<\/strong><\/li>\n\n\n\n<li><strong>Garantizar una financiaci\u00f3n sostenible y a largo plazo para la gesti\u00f3n de los arrecifes<\/strong><\/li>\n<\/ul>\n\n\n\n<p>Sabemos que esto funciona. En Honduras, nuestro equipo del Caribe occidental ayud\u00f3 a establecer zonas de veda para proteger los principales lugares de desove de peces. En Haw\u00e1i, cofundamos la <strong>Coalici\u00f3n por el Agua Limpia de Haw\u00e1i<\/strong>, que re\u00fane a m\u00e1s de 20 organizaciones con el objetivo de detener la contaminaci\u00f3n por nutrientes antes de que llegue al oc\u00e9ano.  <\/p>\n\n\n\n<p>Ahora, llevaremos esos modelos probados al Caribe Oriental, <strong>adaptando cada paso al conocimiento y contexto locales.<\/strong><\/p>\n\n\n\n<p>\u00bfPero por qu\u00e9 el Caribe Oriental?<\/p>\n\n\n\n<figure class=\"wp-block-image alignright size-large is-resized\" style=\"margin-top:var(--wp--preset--spacing--6);margin-right:0;margin-bottom:var(--wp--preset--spacing--6);margin-left:var(--wp--preset--spacing--16)\"><img loading=\"lazy\" decoding=\"async\" width=\"682\" height=\"1024\" src=\"https:\/\/static.coral.org\/uploads\/2025\/11\/Saint-Lucia-682x1024.jpg\" alt=\"\" class=\"wp-image-8856\" style=\"width:451px;height:auto\" srcset=\"https:\/\/static.coral.org\/uploads\/2025\/11\/Saint-Lucia-682x1024.jpg 682w, https:\/\/static.coral.org\/uploads\/2025\/11\/Saint-Lucia-531x796.jpg 531w, https:\/\/static.coral.org\/uploads\/2025\/11\/Saint-Lucia-768x1152.jpg 768w, https:\/\/static.coral.org\/uploads\/2025\/11\/Saint-Lucia-1024x1536.jpg 1024w, https:\/\/static.coral.org\/uploads\/2025\/11\/Saint-Lucia.jpg 1333w\" sizes=\"auto, (max-width: 682px) 100vw, 682px\" \/><figcaption class=\"wp-element-caption\">Santa Luc\u00eda &#8211; Fotograf\u00eda de Kate Beebe<\/figcaption><\/figure>\n\n\n\n<h3 class=\"wp-block-heading\"><strong>C\u00f3mo seleccionamos la regi\u00f3n<\/strong><\/h3>\n\n\n\n<p>Las decisiones de expansi\u00f3n de CORAL se basan en la ciencia, los conocimientos de la comunidad y criterios estrat\u00e9gicos. El Caribe Oriental surgi\u00f3 como una gran oportunidad basada en: <\/p>\n\n\n\n<ul class=\"wp-block-list\">\n<li><strong>Gran potencial ecol\u00f3gico:<\/strong> sistemas de arrecifes diversos y conectados listos para recuperarse<\/li>\n\n\n\n<li><strong>Armonizaci\u00f3n de las alianzas comunitarias:<\/strong> l\u00edderes locales dispuestos a colaborar<\/li>\n\n\n\n<li><strong>Urgencia y viabilidad:<\/strong> amenazas elevadas combinadas con un impacto potencial elevado<\/li>\n\n\n\n<li><strong>Influencia en las pol\u00edticas:<\/strong> oportunidades para fortalecer la gobernanza a largo plazo<\/li>\n\n\n\n<li><strong>Potencial de financiamiento sostenible:<\/strong> apoyo para la financiaci\u00f3n duradera de la conservaci\u00f3n<\/li>\n<\/ul>\n\n\n\n<p>Cada paso es intencionado, colaborativo y est\u00e1 dise\u00f1ado para lograr un \u00e9xito duradero. La decisi\u00f3n est\u00e1 tomada y ahora viene lo m\u00e1s dif\u00edcil. <\/p>\n\n\n\n<h3 class=\"wp-block-heading\"><strong>Qu\u00e9 pasa despu\u00e9s<\/strong><\/h3>\n\n\n\n<h4 class=\"wp-block-heading\"><strong>Fase 1: Sentar las bases (12-18 meses)<\/strong><\/h4>\n\n\n\n<p><strong>Evaluaciones ecol\u00f3gicas y sociales<br><\/strong>Haremos un mapa de la salud de los arrecifes, entenderemos las prioridades de la comunidad e identificaremos las pol\u00edticas a seguir.<strong> <\/strong><\/p>\n\n\n\n<p><strong>Creaci\u00f3n de alianzas<br><\/strong>Nos asociaremos con ONG locales, pescadores, gobiernos, l\u00edderes tur\u00edsticos y coaliciones regionales para dise\u00f1ar soluciones de manera conjunta.<\/p>\n\n\n\n<h4 class=\"wp-block-heading\"><strong>Fase 2: Implementaci\u00f3n y ampliaci\u00f3n<\/strong><\/h4>\n\n\n\n<p><strong>Soluciones para aguas residuale<\/strong>s<br>Dise\u00f1ar e implementar estrategias de reducci\u00f3n de la contaminaci\u00f3n adaptadas a las necesidades de la isla.<\/p>\n\n\n\n<figure class=\"wp-block-image size-large\"><img loading=\"lazy\" decoding=\"async\" width=\"1024\" height=\"683\" src=\"https:\/\/static.coral.org\/uploads\/2025\/11\/Wastewater-Treatment-Plant-1024x683.jpg\" alt=\"\" class=\"wp-image-8854\" srcset=\"https:\/\/static.coral.org\/uploads\/2025\/11\/Wastewater-Treatment-Plant-1024x683.jpg 1024w, https:\/\/static.coral.org\/uploads\/2025\/11\/Wastewater-Treatment-Plant-796x531.jpg 796w, https:\/\/static.coral.org\/uploads\/2025\/11\/Wastewater-Treatment-Plant-768x512.jpg 768w, https:\/\/static.coral.org\/uploads\/2025\/11\/Wastewater-Treatment-Plant-1536x1024.jpg 1536w, https:\/\/static.coral.org\/uploads\/2025\/11\/Wastewater-Treatment-Plant-600x400.jpg 600w, https:\/\/static.coral.org\/uploads\/2025\/11\/Wastewater-Treatment-Plant.jpg 2048w\" sizes=\"auto, (max-width: 1024px) 100vw, 1024px\" \/><figcaption class=\"wp-element-caption\">Coxen Hole: la implementaci\u00f3n y actualizaci\u00f3n de las instalaciones de tratamiento de aguas residuales son fundamentales para la salud de los arrecifes de coral y de las personas<br>Fotograf\u00eda de Kate Beebe<\/figcaption><\/figure>\n\n\n\n<p><strong>AMP eficaces<\/strong><br>Fortalecer la gesti\u00f3n, el monitoreo y la aplicaci\u00f3n de la ley para apoyar la recuperaci\u00f3n de los arrecifes.<\/p>\n\n\n\n<p><strong>Financiaci\u00f3n sostenible<br><\/strong>Identificar fuentes de financiamiento duraderas para garantizar una administraci\u00f3n responsable a largo plazo.<\/p>\n\n\n\n<p>Este enfoque se basa en el modelo de centro regional probado de CORAL, <strong>un plan de conservaci\u00f3n escalable que multiplica el impacto en todas las regiones, no solo en sitios individuales.<\/strong> Esto es precisamente lo que necesitan los arrecifes de coral.<\/p>\n\n\n\n<h3 class=\"wp-block-heading\"><strong>Un punto de inflexi\u00f3n para los arrecifes y para nosotros<\/strong><\/h3>\n\n\n\n<p>Este momento est\u00e1 lleno de urgencia, pero tambi\u00e9n de esperanza.<br>Sabemos lo que funciona.<br>Conocemos la ciencia.<br>Sabemos que las comunidades est\u00e1n preparadas.<\/p>\n\n\n\n<figure class=\"wp-block-image size-large\"><img loading=\"lazy\" decoding=\"async\" width=\"1024\" height=\"682\" src=\"https:\/\/static.coral.org\/uploads\/2025\/11\/Butterfly-Fish-Pair-1024x682.jpg\" alt=\"\" class=\"wp-image-8855\" srcset=\"https:\/\/static.coral.org\/uploads\/2025\/11\/Butterfly-Fish-Pair-1024x682.jpg 1024w, https:\/\/static.coral.org\/uploads\/2025\/11\/Butterfly-Fish-Pair-796x531.jpg 796w, https:\/\/static.coral.org\/uploads\/2025\/11\/Butterfly-Fish-Pair-768x512.jpg 768w, https:\/\/static.coral.org\/uploads\/2025\/11\/Butterfly-Fish-Pair-1536x1024.jpg 1536w, https:\/\/static.coral.org\/uploads\/2025\/11\/Butterfly-Fish-Pair-600x400.jpg 600w, https:\/\/static.coral.org\/uploads\/2025\/11\/Butterfly-Fish-Pair.jpg 2000w\" sizes=\"auto, (max-width: 1024px) 100vw, 1024px\" \/><figcaption class=\"wp-element-caption\">Fotograf\u00eda de Kate Beebe<\/figcaption><\/figure>\n\n\n\n<p><strong>Ahora, nos expandimos.<\/strong><\/p>\n\n\n\n<p><a href=\"https:\/\/coral.org\/es\/blog\/un-plan-audaz-y-novedoso-para-la-conservacion-de-los-arrecifes\/\" target=\"_blank\" rel=\"noreferrer noopener\"><em>Haz clic aqu\u00ed para leer sobre nuestro plan estrat\u00e9gico a 5 a\u00f1os. &gt;<\/em><\/a><\/p>\n\n\n\n<p>Con este centro regional, el Caribe Oriental puede liderar la <strong>conservaci\u00f3n de los arrecifes impulsada por la comunidad<\/strong>, mostrando al mundo que los arrecifes de coral y las culturas y econom\u00edas que ellos sustentan <strong>pueden prosperar en un clima cambiante.<\/strong><\/p>\n\n\n\n<h3 class=\"wp-block-heading\"><strong>Crece con nosotros<\/strong><\/h3>\n\n\n\n<p>This expansion is only possible thanks to allies like you.<\/p>\n\n\n\n<p>Mant\u00e9nte atento a las novedades a medida que lancemos proyectos, establezcamos alianzas y compartamos historias desde el terreno. Juntos protegeremos los arrecifes de coral, apoyaremos a las comunidades costeras y construiremos un futuro resiliente al clima. <\/p>\n\n\n\n<p><strong>S\u00e9 parte de este nuevo cap\u00edtulo para los arrecifes de coral.<\/strong><\/p>\n\n\n\n<!--HubSpot Call-to-Action Code --><span class=\"hs-cta-wrapper\" id=\"hs-cta-wrapper-04e17730-5d1a-4a63-bc9a-cbead8fbcfc0\"><span class=\"hs-cta-node hs-cta-04e17730-5d1a-4a63-bc9a-cbead8fbcfc0\" id=\"hs-cta-04e17730-5d1a-4a63-bc9a-cbead8fbcfc0\"><!--[if lte IE 8]><div id=\"hs-cta-ie-element\"><\/div><![endif]--><a href=\"https:\/\/cta-redirect.hubspot.com\/cta\/redirect\/39879831\/04e17730-5d1a-4a63-bc9a-cbead8fbcfc0\" target=\"_blank\" rel=\"noopener\"><img decoding=\"async\" class=\"hs-cta-img\" id=\"hs-cta-img-04e17730-5d1a-4a63-bc9a-cbead8fbcfc0\" style=\"border-width:0px;\" src=\"https:\/\/no-cache.hubspot.com\/cta\/default\/39879831\/04e17730-5d1a-4a63-bc9a-cbead8fbcfc0.png\" alt=\"Apoya a los arrecifes de coral del Caribe Oriental con una donaci\u00f3n a CORAL - Dona a CORAL>\u00ab\/><\/a><\/span><script charset=\"utf-8\" src=\"https:\/\/js.hscta.net\/cta\/current.js\"><\/script><script type=\"text\/javascript\"> hbspt.cta.load(39879831, '04e17730-5d1a-4a63-bc9a-cbead8fbcfc0', {\"useNewLoader\":\"true\",\"region\":\"na1\"}); <\/script><\/span><!-- end HubSpot Call-to-Action Code -->\n","protected":false},"excerpt":{"rendered":"<p>\u00daLTIMA HORA: \u00a1La Alianza para los Arrecifes de Coral se expande al Caribe Oriental! Durante m\u00e1s de 30 a\u00f1os, la Alianza para los Arrecifes de Coral (CORAL) ha colaborado con comunidades, cient\u00edficos y gobiernos de Haw\u00e1i, el Arrecife Mesoamericano y el Indo-Pac\u00edfico para proteger los arrecifes de coral y a las personas que dependen de&hellip; <a href=\"https:\/\/coral.org\/es\/blog\/coral-inaugura-un-nuevo-centro-de-operaciones-en-el-caribe-oriental\/\" class=\"more-link\">Sigue Leyendo &#8594;<\/a><\/p>\n","protected":false},"author":8,"featured_media":8858,"comment_status":"closed","ping_status":"closed","sticky":false,"template":"","format":"standard","meta":{"_acf_changed":false,"inline_featured_image":false,"_genesis_hide_title":false,"_genesis_hide_breadcrumbs":false,"_genesis_hide_singular_image":false,"_genesis_hide_footer_widgets":false,"_genesis_custom_body_class":"","_genesis_custom_post_class":"","_genesis_layout":"","_genesis_transparent_header":false,"_genesis_hide_siblings_nav":false,"_genesis_hide_flyout":false,"_genesis_subtitle":"","_genesis_subheading":"","footnotes":""},"categories":[352,2],"tags":[57,409,479,478,416,477,421,412],"class_list":{"0":"post-8972","1":"post","2":"type-post","3":"status-publish","4":"format-standard","5":"has-post-thumbnail","7":"category-nota-de-prensa","8":"category-noticias","9":"tag-clean-water","10":"tag-climate-resilience","11":"tag-coastal-communities","12":"tag-community-led-conservation","13":"tag-coral-reef-conservation","14":"tag-eastern-caribbean","15":"tag-marine-protected-areas","16":"tag-ocean-health","17":"entry"},"acf":[],"template_part":"\n<article class=\"article article-post post-8972 post type-post status-publish format-standard has-post-thumbnail category-nota-de-prensa category-noticias tag-clean-water tag-climate-resilience tag-coastal-communities tag-community-led-conservation tag-coral-reef-conservation tag-eastern-caribbean tag-marine-protected-areas tag-ocean-health entry\">\n\t<div class=\"entry-image\">\n\t\t<a href=\"https:\/\/coral.org\/es\/blog\/coral-inaugura-un-nuevo-centro-de-operaciones-en-el-caribe-oriental\/\">\n\t\t\t<img width=\"740\" height=\"560\" src=\"https:\/\/static.coral.org\/uploads\/2025\/11\/Expansion-Article-Header-740x560.jpg\" class=\"attachment-preview size-preview wp-post-image\" alt=\"\" decoding=\"async\" loading=\"lazy\" \/>\t\t<\/a>\n\t<\/div>\n\t<div class=\"entry-meta\">\n\t\t<ul class=\"post-categories\">\n\t<li><a href=\"https:\/\/coral.org\/es\/blog\/category\/nota-de-prensa\/\" rel=\"category tag\">Nota de Prensa<\/a><\/li>\n\t<li><a href=\"https:\/\/coral.org\/es\/blog\/category\/noticias\/\" rel=\"category tag\">Noticias<\/a><\/li><\/ul>\t<\/div>\n\t<div class=\"entry-body\">\n\t\t<h2 class=\"entry-title\"><a href=\"https:\/\/coral.org\/es\/blog\/coral-inaugura-un-nuevo-centro-de-operaciones-en-el-caribe-oriental\/\" class=\"entry-title-link\">CORAL inaugura un nuevo centro regional en el Caribe Oriental<\/a><\/h2>\t\t<p>\u00daLTIMA HORA: \u00a1La Alianza para los Arrecifes de Coral se expande al Caribe Oriental! Durante m\u00e1s de 30 a\u00f1os, la Alianza para los Arrecifes de Coral (CORAL) ha colaborado con comunidades, cient\u00edficos y gobiernos de Haw\u00e1i, el Arrecife Mesoamericano y el Indo-Pac\u00edfico para proteger los arrecifes de coral y a las personas que dependen de&hellip; <a href=\"https:\/\/coral.org\/es\/blog\/coral-inaugura-un-nuevo-centro-de-operaciones-en-el-caribe-oriental\/\" class=\"more-link\">Sigue Leyendo &#8594;<\/a><\/p>\n\t<\/div>\n<\/article>\n","featured_image_src":"https:\/\/static.coral.org\/uploads\/2025\/11\/Expansion-Article-Header-600x400.jpg","featured_image_src_square":"https:\/\/static.coral.org\/uploads\/2025\/11\/Expansion-Article-Header-600x600.jpg","author_info":{"display_name":"Kate Beebe","author_link":"https:\/\/coral.org\/es\/blog\/author\/kate\/"},"jetpack_featured_media_url":"https:\/\/static.coral.org\/uploads\/2025\/11\/Expansion-Article-Header.jpg","_links":{"self":[{"href":"https:\/\/coral.org\/es\/wp-json\/wp\/v2\/posts\/8972","targetHints":{"allow":["GET"]}}],"collection":[{"href":"https:\/\/coral.org\/es\/wp-json\/wp\/v2\/posts"}],"about":[{"href":"https:\/\/coral.org\/es\/wp-json\/wp\/v2\/types\/post"}],"author":[{"embeddable":true,"href":"https:\/\/coral.org\/es\/wp-json\/wp\/v2\/users\/8"}],"replies":[{"embeddable":true,"href":"https:\/\/coral.org\/es\/wp-json\/wp\/v2\/comments?post=8972"}],"version-history":[{"count":0,"href":"https:\/\/coral.org\/es\/wp-json\/wp\/v2\/posts\/8972\/revisions"}],"wp:featuredmedia":[{"embeddable":true,"href":"https:\/\/coral.org\/es\/wp-json\/wp\/v2\/media\/8858"}],"wp:attachment":[{"href":"https:\/\/coral.org\/es\/wp-json\/wp\/v2\/media?parent=8972"}],"wp:term":[{"taxonomy":"category","embeddable":true,"href":"https:\/\/coral.org\/es\/wp-json\/wp\/v2\/categories?post=8972"},{"taxonomy":"post_tag","embeddable":true,"href":"https:\/\/coral.org\/es\/wp-json\/wp\/v2\/tags?post=8972"}],"curies":[{"name":"wp","href":"https:\/\/api.w.org\/{rel}","templated":true}]}}