{"id":8991,"date":"2025-12-27T10:38:33","date_gmt":"2025-12-27T18:38:33","guid":{"rendered":"https:\/\/coral.org\/blog\/los-2025-mejores-exitos-del-blog-de-coral\/"},"modified":"2025-12-27T10:40:22","modified_gmt":"2025-12-27T18:40:22","slug":"los-2025-mejores-exitos-del-blog-de-coral","status":"publish","type":"post","link":"https:\/\/coral.org\/es\/blog\/los-2025-mejores-exitos-del-blog-de-coral\/","title":{"rendered":"Los Mejores \u00c9xitos del Blog de CORAL del 2025"},"content":{"rendered":"\n<p><strong><em>\u00a1Este a\u00f1o ha sido muy importante para los arrecifes de coral y para la Alianza para los Arrecifes de Coral!<\/em><\/strong><\/p>\n\n<p>Ahora que el a\u00f1o llega a su fin, queremos repasar las historias que m\u00e1s repercusi\u00f3n han tenido. Las que han llegado m\u00e1s lejos, han despertado la curiosidad y han ayudado a conectar a m\u00e1s personas con el futuro de los arrecifes de coral. M\u00e1s de 120 000 (\u00a1\u00a1!!) de ustedes han le\u00eddo nuestras historias este a\u00f1o, y no podemos agradecerles lo suficiente su apoyo.  <\/p>\n\n<p>Contar historias es fundamental para la misi\u00f3n de CORAL de reducir las amenazas a los arrecifes, fortalecer la resiliencia y colaborar con comunidades de todo el mundo. Esta recopilaci\u00f3n re\u00fane los art\u00edculos que informaron, inspiraron y acompa\u00f1aron a nuestra comunidad en 2025, junto con algunos de los favoritos de siempre y las personas que hay detr\u00e1s de este trabajo. <\/p>\n\n<p>Explora m\u00e1s en los art\u00edculos que aparecen a continuaci\u00f3n. Haz clic en cada imagen para leer la historia completa. <\/p>\n\n<h2 class=\"wp-block-heading\">Historias que sobresalieron<\/h2>\n\n<p><em>Un repaso a los art\u00edculos que alcanzaron mayor audiencia este a\u00f1o.<\/em><\/p>\n\n<figure class=\"wp-block-image size-large\"><a href=\"https:\/\/coral.org\/es\/blog\/la-diversa-vida-silvestre-de-los-ecosistemas-de-arrecifes-de-coral\/\" target=\"_blank\" rel=\" noreferrer noopener\"><img loading=\"lazy\" decoding=\"async\" width=\"1024\" height=\"512\" src=\"https:\/\/static.coral.org\/uploads\/2025\/12\/The-Diverse-Wildlife-of-Coral-Reef-Ecosystems-1024x512.jpg\" alt=\"\" class=\"wp-image-8947\" srcset=\"https:\/\/static.coral.org\/uploads\/2025\/12\/The-Diverse-Wildlife-of-Coral-Reef-Ecosystems-1024x512.jpg 1024w, https:\/\/static.coral.org\/uploads\/2025\/12\/The-Diverse-Wildlife-of-Coral-Reef-Ecosystems-796x398.jpg 796w, https:\/\/static.coral.org\/uploads\/2025\/12\/The-Diverse-Wildlife-of-Coral-Reef-Ecosystems-768x384.jpg 768w, https:\/\/static.coral.org\/uploads\/2025\/12\/The-Diverse-Wildlife-of-Coral-Reef-Ecosystems-1536x768.jpg 1536w, https:\/\/static.coral.org\/uploads\/2025\/12\/The-Diverse-Wildlife-of-Coral-Reef-Ecosystems.jpg 2000w\" sizes=\"auto, (max-width: 1024px) 100vw, 1024px\" \/><\/a><\/figure>\n\n<figure class=\"wp-block-image size-large\"><a href=\"https:\/\/coral.org\/es\/blog\/las-sorprendentes-conexiones-entre-los-arrecifes-de-coral-y-la-salud-humana\/\" target=\"_blank\" rel=\" noreferrer noopener\"><img loading=\"lazy\" decoding=\"async\" width=\"1024\" height=\"512\" src=\"https:\/\/static.coral.org\/uploads\/2025\/12\/The-Surprising-Connections-Between-Coral-Reefs-and-Human-Health-1024x512.jpg\" alt=\"\" class=\"wp-image-8948\" srcset=\"https:\/\/static.coral.org\/uploads\/2025\/12\/The-Surprising-Connections-Between-Coral-Reefs-and-Human-Health-1024x512.jpg 1024w, https:\/\/static.coral.org\/uploads\/2025\/12\/The-Surprising-Connections-Between-Coral-Reefs-and-Human-Health-796x398.jpg 796w, https:\/\/static.coral.org\/uploads\/2025\/12\/The-Surprising-Connections-Between-Coral-Reefs-and-Human-Health-768x384.jpg 768w, https:\/\/static.coral.org\/uploads\/2025\/12\/The-Surprising-Connections-Between-Coral-Reefs-and-Human-Health-1536x768.jpg 1536w, https:\/\/static.coral.org\/uploads\/2025\/12\/The-Surprising-Connections-Between-Coral-Reefs-and-Human-Health.jpg 2000w\" sizes=\"auto, (max-width: 1024px) 100vw, 1024px\" \/><\/a><\/figure>\n\n<figure class=\"wp-block-image size-large\"><a href=\"https:\/\/coral.org\/es\/blog\/como-amenaza-la-contaminacion-a-los-arrecifes-de-coral-y-que-podemos-hacer-al-respecto\/\" target=\"_blank\" rel=\" noreferrer noopener\"><img loading=\"lazy\" decoding=\"async\" width=\"1024\" height=\"512\" src=\"https:\/\/static.coral.org\/uploads\/2025\/12\/How-Pollution-Threatens-Coral-Reefs-and-What-We-Can-Do-About-It-1024x512.jpg\" alt=\"\" class=\"wp-image-8949\" srcset=\"https:\/\/static.coral.org\/uploads\/2025\/12\/How-Pollution-Threatens-Coral-Reefs-and-What-We-Can-Do-About-It-1024x512.jpg 1024w, https:\/\/static.coral.org\/uploads\/2025\/12\/How-Pollution-Threatens-Coral-Reefs-and-What-We-Can-Do-About-It-796x398.jpg 796w, https:\/\/static.coral.org\/uploads\/2025\/12\/How-Pollution-Threatens-Coral-Reefs-and-What-We-Can-Do-About-It-768x384.jpg 768w, https:\/\/static.coral.org\/uploads\/2025\/12\/How-Pollution-Threatens-Coral-Reefs-and-What-We-Can-Do-About-It-1536x768.jpg 1536w, https:\/\/static.coral.org\/uploads\/2025\/12\/How-Pollution-Threatens-Coral-Reefs-and-What-We-Can-Do-About-It.jpg 2000w\" sizes=\"auto, (max-width: 1024px) 100vw, 1024px\" \/><\/a><\/figure>\n\n<h2 class=\"wp-block-heading\">De los archivos<\/h2>\n\n<p><em>Historias antiguas que siguen encontrando nuevos lectores.<\/em><\/p>\n\n<figure class=\"wp-block-image size-large\"><a href=\"https:\/\/coral.org\/es\/blog\/sunscreen-101-protecting-your-skin-and-coral-reefs\/\" target=\"_blank\" rel=\" noreferrer noopener\"><img loading=\"lazy\" decoding=\"async\" width=\"1024\" height=\"512\" src=\"https:\/\/static.coral.org\/uploads\/2025\/12\/Sunscreen-101_-Protect-Your-Skin-and-Coral-Reefs-1024x512.jpg\" alt=\"\" class=\"wp-image-8951\" srcset=\"https:\/\/static.coral.org\/uploads\/2025\/12\/Sunscreen-101_-Protect-Your-Skin-and-Coral-Reefs-1024x512.jpg 1024w, https:\/\/static.coral.org\/uploads\/2025\/12\/Sunscreen-101_-Protect-Your-Skin-and-Coral-Reefs-796x398.jpg 796w, https:\/\/static.coral.org\/uploads\/2025\/12\/Sunscreen-101_-Protect-Your-Skin-and-Coral-Reefs-768x384.jpg 768w, https:\/\/static.coral.org\/uploads\/2025\/12\/Sunscreen-101_-Protect-Your-Skin-and-Coral-Reefs-1536x768.jpg 1536w, https:\/\/static.coral.org\/uploads\/2025\/12\/Sunscreen-101_-Protect-Your-Skin-and-Coral-Reefs.jpg 2000w\" sizes=\"auto, (max-width: 1024px) 100vw, 1024px\" \/><\/a><\/figure>\n\n<figure class=\"wp-block-image size-large\"><a href=\"https:\/\/coral.org\/es\/blog\/por-que-el-agua-limpia-es-vital-para-el-futuro-de-nuestros-oceanos\/\" target=\"_blank\" rel=\" noreferrer noopener\"><img loading=\"lazy\" decoding=\"async\" width=\"1024\" height=\"512\" src=\"https:\/\/static.coral.org\/uploads\/2025\/12\/Why-Clean-Water-is-Vital-for-the-Future-of-Our-Oceans-1024x512.jpg\" alt=\"\" class=\"wp-image-8952\" srcset=\"https:\/\/static.coral.org\/uploads\/2025\/12\/Why-Clean-Water-is-Vital-for-the-Future-of-Our-Oceans-1024x512.jpg 1024w, https:\/\/static.coral.org\/uploads\/2025\/12\/Why-Clean-Water-is-Vital-for-the-Future-of-Our-Oceans-796x398.jpg 796w, https:\/\/static.coral.org\/uploads\/2025\/12\/Why-Clean-Water-is-Vital-for-the-Future-of-Our-Oceans-768x384.jpg 768w, https:\/\/static.coral.org\/uploads\/2025\/12\/Why-Clean-Water-is-Vital-for-the-Future-of-Our-Oceans-1536x768.jpg 1536w, https:\/\/static.coral.org\/uploads\/2025\/12\/Why-Clean-Water-is-Vital-for-the-Future-of-Our-Oceans.jpg 2000w\" sizes=\"auto, (max-width: 1024px) 100vw, 1024px\" \/><\/a><\/figure>\n\n<figure class=\"wp-block-image size-large\"><a href=\"https:\/\/coral.org\/es\/blog\/que-es-el-blanqueamiento-del-coral-y-por-que-deberia-preocuparte\/\" target=\"_blank\" rel=\" noreferrer noopener\"><img loading=\"lazy\" decoding=\"async\" width=\"1024\" height=\"512\" src=\"https:\/\/static.coral.org\/uploads\/2025\/12\/What-is-Coral-Bleaching-and-Why-Should-You-Care-1024x512.jpg\" alt=\"\" class=\"wp-image-8953\" srcset=\"https:\/\/static.coral.org\/uploads\/2025\/12\/What-is-Coral-Bleaching-and-Why-Should-You-Care-1024x512.jpg 1024w, https:\/\/static.coral.org\/uploads\/2025\/12\/What-is-Coral-Bleaching-and-Why-Should-You-Care-796x398.jpg 796w, https:\/\/static.coral.org\/uploads\/2025\/12\/What-is-Coral-Bleaching-and-Why-Should-You-Care-768x384.jpg 768w, https:\/\/static.coral.org\/uploads\/2025\/12\/What-is-Coral-Bleaching-and-Why-Should-You-Care-1536x768.jpg 1536w, https:\/\/static.coral.org\/uploads\/2025\/12\/What-is-Coral-Bleaching-and-Why-Should-You-Care.jpg 2000w\" sizes=\"auto, (max-width: 1024px) 100vw, 1024px\" \/><\/a><\/figure>\n\n<h2 class=\"wp-block-heading\">Favoritos del personal<\/h2>\n\n<p><em>Las historias a las que nuestro equipo siempre vuelve.<\/em><\/p>\n\n<figure class=\"wp-block-image size-large\"><a href=\"https:\/\/coral.org\/es\/blog\/coral-inaugura-un-nuevo-centro-de-operaciones-en-el-caribe-oriental\/\" target=\"_blank\" rel=\" noreferrer noopener\"><img loading=\"lazy\" decoding=\"async\" width=\"1024\" height=\"512\" src=\"https:\/\/static.coral.org\/uploads\/2025\/12\/CORAL-Launches-New-Eastern-Caribbean-Hub-1024x512.jpg\" alt=\"\" class=\"wp-image-8954\" srcset=\"https:\/\/static.coral.org\/uploads\/2025\/12\/CORAL-Launches-New-Eastern-Caribbean-Hub-1024x512.jpg 1024w, https:\/\/static.coral.org\/uploads\/2025\/12\/CORAL-Launches-New-Eastern-Caribbean-Hub-796x398.jpg 796w, https:\/\/static.coral.org\/uploads\/2025\/12\/CORAL-Launches-New-Eastern-Caribbean-Hub-768x384.jpg 768w, https:\/\/static.coral.org\/uploads\/2025\/12\/CORAL-Launches-New-Eastern-Caribbean-Hub-1536x768.jpg 1536w, https:\/\/static.coral.org\/uploads\/2025\/12\/CORAL-Launches-New-Eastern-Caribbean-Hub.jpg 2000w\" sizes=\"auto, (max-width: 1024px) 100vw, 1024px\" \/><\/a><\/figure>\n\n<figure class=\"wp-block-image size-large\"><a href=\"https:\/\/coral.org\/es\/blog\/un-plan-audaz-y-novedoso-para-la-conservacion-de-los-arrecifes\/\" target=\"_blank\" rel=\" noreferrer noopener\"><img loading=\"lazy\" decoding=\"async\" width=\"1024\" height=\"512\" src=\"https:\/\/static.coral.org\/uploads\/2025\/12\/A-Bold-New-Plan-for-Coral-Reef-Conservation-1024x512.jpg\" alt=\"\" class=\"wp-image-8955\" srcset=\"https:\/\/static.coral.org\/uploads\/2025\/12\/A-Bold-New-Plan-for-Coral-Reef-Conservation-1024x512.jpg 1024w, https:\/\/static.coral.org\/uploads\/2025\/12\/A-Bold-New-Plan-for-Coral-Reef-Conservation-796x398.jpg 796w, https:\/\/static.coral.org\/uploads\/2025\/12\/A-Bold-New-Plan-for-Coral-Reef-Conservation-768x384.jpg 768w, https:\/\/static.coral.org\/uploads\/2025\/12\/A-Bold-New-Plan-for-Coral-Reef-Conservation-1536x768.jpg 1536w, https:\/\/static.coral.org\/uploads\/2025\/12\/A-Bold-New-Plan-for-Coral-Reef-Conservation.jpg 2000w\" sizes=\"auto, (max-width: 1024px) 100vw, 1024px\" \/><\/a><\/figure>\n\n<figure class=\"wp-block-image size-large\"><a href=\"https:\/\/coral.org\/es\/blog\/explorar-la-resiliencia-de-los-arrecifes-mediante-la-ciencia-de-la-adaptacion-de-los-corales\/\" target=\"_blank\" rel=\" noreferrer noopener\"><img loading=\"lazy\" decoding=\"async\" width=\"1024\" height=\"512\" src=\"https:\/\/static.coral.org\/uploads\/2025\/12\/Exploring-Reef-Resilience-Through-the-Science-of-Coral-Adaptation-1024x512.jpg\" alt=\"\" class=\"wp-image-8956\" srcset=\"https:\/\/static.coral.org\/uploads\/2025\/12\/Exploring-Reef-Resilience-Through-the-Science-of-Coral-Adaptation-1024x512.jpg 1024w, https:\/\/static.coral.org\/uploads\/2025\/12\/Exploring-Reef-Resilience-Through-the-Science-of-Coral-Adaptation-796x398.jpg 796w, https:\/\/static.coral.org\/uploads\/2025\/12\/Exploring-Reef-Resilience-Through-the-Science-of-Coral-Adaptation-768x384.jpg 768w, https:\/\/static.coral.org\/uploads\/2025\/12\/Exploring-Reef-Resilience-Through-the-Science-of-Coral-Adaptation-1536x768.jpg 1536w, https:\/\/static.coral.org\/uploads\/2025\/12\/Exploring-Reef-Resilience-Through-the-Science-of-Coral-Adaptation.jpg 2000w\" sizes=\"auto, (max-width: 1024px) 100vw, 1024px\" \/><\/a><\/figure>\n\n<figure class=\"wp-block-image size-large\"><a href=\"https:\/\/coral.org\/es\/blog\/es-necesaria-una-alianza-para-salvar-los-arrecifes-de-coral-listo-para-conocer-a-los-nuestros\/\" target=\"_blank\" rel=\" noreferrer noopener\"><img loading=\"lazy\" decoding=\"async\" width=\"1024\" height=\"512\" src=\"https:\/\/static.coral.org\/uploads\/2025\/12\/It-Takes-an-Alliance-to-Save-Coral-Reefs.-Ready-to-Meet-Ours-1024x512.jpg\" alt=\"\" class=\"wp-image-8957\" srcset=\"https:\/\/static.coral.org\/uploads\/2025\/12\/It-Takes-an-Alliance-to-Save-Coral-Reefs.-Ready-to-Meet-Ours-1024x512.jpg 1024w, https:\/\/static.coral.org\/uploads\/2025\/12\/It-Takes-an-Alliance-to-Save-Coral-Reefs.-Ready-to-Meet-Ours-796x398.jpg 796w, https:\/\/static.coral.org\/uploads\/2025\/12\/It-Takes-an-Alliance-to-Save-Coral-Reefs.-Ready-to-Meet-Ours-768x384.jpg 768w, https:\/\/static.coral.org\/uploads\/2025\/12\/It-Takes-an-Alliance-to-Save-Coral-Reefs.-Ready-to-Meet-Ours-1536x768.jpg 1536w, https:\/\/static.coral.org\/uploads\/2025\/12\/It-Takes-an-Alliance-to-Save-Coral-Reefs.-Ready-to-Meet-Ours.jpg 2000w\" sizes=\"auto, (max-width: 1024px) 100vw, 1024px\" \/><\/a><\/figure>\n\n<h2 class=\"wp-block-heading\">Las personas detr\u00e1s del trabajo<\/h2>\n\n<p><em>Conoce a algunos de los cient\u00edficos, l\u00edderes y agentes del cambio que impulsan la misi\u00f3n de CORAL.<\/em><\/p>\n\n<p>Detr\u00e1s de cada historia hay una persona, y este a\u00f1o les hemos presentado a varios l\u00edderes y cient\u00edficos que dan forma al trabajo de CORAL. Desde el liderazgo cient\u00edfico de la Dra. Helen Fox hasta el papel estrat\u00e9gico de Kristin y la investigaci\u00f3n de campo de Andrea, estas historias ofrecen una visi\u00f3n m\u00e1s cercana de las personas que convierten la conservaci\u00f3n en acci\u00f3n. <\/p>\n\n<figure class=\"wp-block-image size-large\"><a href=\"https:\/\/coral.org\/es\/blog\/conoce-a-la-dra-helen-fox-liderazgo-con-ciencia-y-corazon\/\" target=\"_blank\" rel=\" noreferrer noopener\"><img loading=\"lazy\" decoding=\"async\" width=\"1024\" height=\"512\" src=\"https:\/\/static.coral.org\/uploads\/2025\/12\/Meet-Dr.-Helen-Fox_-Leading-with-Science-and-Heart-1024x512.jpg\" alt=\"\" class=\"wp-image-8958\" srcset=\"https:\/\/static.coral.org\/uploads\/2025\/12\/Meet-Dr.-Helen-Fox_-Leading-with-Science-and-Heart-1024x512.jpg 1024w, https:\/\/static.coral.org\/uploads\/2025\/12\/Meet-Dr.-Helen-Fox_-Leading-with-Science-and-Heart-796x398.jpg 796w, https:\/\/static.coral.org\/uploads\/2025\/12\/Meet-Dr.-Helen-Fox_-Leading-with-Science-and-Heart-768x384.jpg 768w, https:\/\/static.coral.org\/uploads\/2025\/12\/Meet-Dr.-Helen-Fox_-Leading-with-Science-and-Heart-1536x768.jpg 1536w, https:\/\/static.coral.org\/uploads\/2025\/12\/Meet-Dr.-Helen-Fox_-Leading-with-Science-and-Heart.jpg 2000w\" sizes=\"auto, (max-width: 1024px) 100vw, 1024px\" \/><\/a><\/figure>\n\n<figure class=\"wp-block-image size-large\"><a href=\"https:\/\/coral.org\/es\/blog\/conoce-a-kristin-la-nueva-directora-de-impacto-estrategico-de-coral\/\" target=\"_blank\" rel=\" noreferrer noopener\"><img loading=\"lazy\" decoding=\"async\" width=\"1024\" height=\"512\" src=\"https:\/\/static.coral.org\/uploads\/2025\/12\/Meet-Kristin_-CORALs-New-Strategic-Impact-Director-1024x512.jpg\" alt=\"\" class=\"wp-image-8959\" srcset=\"https:\/\/static.coral.org\/uploads\/2025\/12\/Meet-Kristin_-CORALs-New-Strategic-Impact-Director-1024x512.jpg 1024w, https:\/\/static.coral.org\/uploads\/2025\/12\/Meet-Kristin_-CORALs-New-Strategic-Impact-Director-796x398.jpg 796w, https:\/\/static.coral.org\/uploads\/2025\/12\/Meet-Kristin_-CORALs-New-Strategic-Impact-Director-768x384.jpg 768w, https:\/\/static.coral.org\/uploads\/2025\/12\/Meet-Kristin_-CORALs-New-Strategic-Impact-Director-1536x768.jpg 1536w, https:\/\/static.coral.org\/uploads\/2025\/12\/Meet-Kristin_-CORALs-New-Strategic-Impact-Director.jpg 2000w\" sizes=\"auto, (max-width: 1024px) 100vw, 1024px\" \/><\/a><\/figure>\n\n<figure class=\"wp-block-image size-large\"><a href=\"https:\/\/coral.org\/es\/blog\/conoce-a-andrea-cientifica-marina-y-conservacionista\/\" target=\"_blank\" rel=\" noreferrer noopener\"><img loading=\"lazy\" decoding=\"async\" width=\"1024\" height=\"512\" src=\"https:\/\/static.coral.org\/uploads\/2025\/12\/Meet-Andrea_-Marine-Scientist-Conservationist-1024x512.jpg\" alt=\"\" class=\"wp-image-8960\" srcset=\"https:\/\/static.coral.org\/uploads\/2025\/12\/Meet-Andrea_-Marine-Scientist-Conservationist-1024x512.jpg 1024w, https:\/\/static.coral.org\/uploads\/2025\/12\/Meet-Andrea_-Marine-Scientist-Conservationist-796x398.jpg 796w, https:\/\/static.coral.org\/uploads\/2025\/12\/Meet-Andrea_-Marine-Scientist-Conservationist-768x384.jpg 768w, https:\/\/static.coral.org\/uploads\/2025\/12\/Meet-Andrea_-Marine-Scientist-Conservationist-1536x768.jpg 1536w, https:\/\/static.coral.org\/uploads\/2025\/12\/Meet-Andrea_-Marine-Scientist-Conservationist.jpg 2000w\" sizes=\"auto, (max-width: 1024px) 100vw, 1024px\" \/><\/a><\/figure>\n\n<figure class=\"wp-block-image size-large\"><a href=\"https:\/\/coral.org\/es\/blog\/un-dia-en-la-vida-del-monitoreo-de-arrecifes-de-coral\/\" target=\"_blank\" rel=\" noreferrer noopener\"><img loading=\"lazy\" decoding=\"async\" width=\"1024\" height=\"512\" src=\"https:\/\/static.coral.org\/uploads\/2025\/12\/A-Day-in-the-Life-of-Coral-Reef-Monitoring-1024x512.jpg\" alt=\"\" class=\"wp-image-8961\" srcset=\"https:\/\/static.coral.org\/uploads\/2025\/12\/A-Day-in-the-Life-of-Coral-Reef-Monitoring-1024x512.jpg 1024w, https:\/\/static.coral.org\/uploads\/2025\/12\/A-Day-in-the-Life-of-Coral-Reef-Monitoring-796x398.jpg 796w, https:\/\/static.coral.org\/uploads\/2025\/12\/A-Day-in-the-Life-of-Coral-Reef-Monitoring-768x384.jpg 768w, https:\/\/static.coral.org\/uploads\/2025\/12\/A-Day-in-the-Life-of-Coral-Reef-Monitoring-1536x768.jpg 1536w, https:\/\/static.coral.org\/uploads\/2025\/12\/A-Day-in-the-Life-of-Coral-Reef-Monitoring.jpg 2000w\" sizes=\"auto, (max-width: 1024px) 100vw, 1024px\" \/><\/a><\/figure>\n\n<h2 class=\"wp-block-heading\">Llevando adelante este trabajo<\/h2>\n\n<p>Al mirar hacia el futuro, recordamos que proteger los arrecifes de coral no es un esfuerzo puntual, sino una acci\u00f3n colectiva y sostenida. Cada historia que lees y compartes ayuda a ampliar las posibilidades para los arrecifes y las comunidades que dependen de ellos. Gracias por formar parte de este trabajo. Si desea mantenerse conectado durante el pr\u00f3ximo a\u00f1o, <a href=\"https:\/\/go.coral.org\/subscribe\">suscr\u00edbete a las nuevas historias desde el terreno<\/a>. Y, a medida que se acerca 2026, esta es la \u00faltima oportunidad para apoyar el trabajo de CORAL (<a href=\"https:\/\/coral.mygiftlegacy.org\/tax-smart-gifts\/\">y hacer una donaci\u00f3n fiscalmente inteligente<\/a>) este a\u00f1o. Puede ayudarnos a reducir las amenazas, fortalecer la resiliencia y ampliar las soluciones donde m\u00e1s se necesitan.     <\/p>\n\n<!--HubSpot Call-to-Action Code --><span class=\"hs-cta-wrapper\" id=\"hs-cta-wrapper-ef5fd8e4-f7b6-4c21-9228-b10eac32ea5d\"><span class=\"hs-cta-node hs-cta-ef5fd8e4-f7b6-4c21-9228-b10eac32ea5d\" id=\"hs-cta-ef5fd8e4-f7b6-4c21-9228-b10eac32ea5d\"><!--[if lte IE 8]><div id=\"hs-cta-ie-element\"><\/div><![endif]--><a href=\"https:\/\/cta-redirect.hubspot.com\/cta\/redirect\/39879831\/ef5fd8e4-f7b6-4c21-9228-b10eac32ea5d\" target=\"_blank\" rel=\"noopener\"><img decoding=\"async\" class=\"hs-cta-img\" id=\"hs-cta-img-ef5fd8e4-f7b6-4c21-9228-b10eac32ea5d\" style=\"border-width:0px;\" src=\"https:\/\/no-cache.hubspot.com\/cta\/default\/39879831\/ef5fd8e4-f7b6-4c21-9228-b10eac32ea5d.png\" alt=\"Dona hoy para un ma\u00f1ana mejor - Apoya a CORAL>\u00ab\/><\/a><\/span><script charset=\"utf-8\" src=\"https:\/\/js.hscta.net\/cta\/current.js\"><\/script><script type=\"text\/javascript\"> hbspt.cta.load(39879831, 'ef5fd8e4-f7b6-4c21-9228-b10eac32ea5d', {\"useNewLoader\":\"true\",\"region\":\"na1\"}); <\/script><\/span><!-- end HubSpot Call-to-Action Code -->\n","protected":false},"excerpt":{"rendered":"<p>\u00a1Este a\u00f1o ha sido muy importante para los arrecifes de coral y para la Alianza para los Arrecifes de Coral! Ahora que el a\u00f1o llega a su fin, queremos repasar las historias que m\u00e1s repercusi\u00f3n han tenido. Las que han llegado m\u00e1s lejos, han despertado la curiosidad y han ayudado a conectar a m\u00e1s personas&hellip; <a href=\"https:\/\/coral.org\/es\/blog\/los-2025-mejores-exitos-del-blog-de-coral\/\" class=\"more-link\">Sigue Leyendo &#8594;<\/a><\/p>\n","protected":false},"author":8,"featured_media":8950,"comment_status":"closed","ping_status":"closed","sticky":false,"template":"","format":"standard","meta":{"_acf_changed":false,"inline_featured_image":false,"_genesis_hide_title":false,"_genesis_hide_breadcrumbs":false,"_genesis_hide_singular_image":false,"_genesis_hide_footer_widgets":false,"_genesis_custom_body_class":"","_genesis_custom_post_class":"","_genesis_layout":"","_genesis_transparent_header":false,"_genesis_hide_siblings_nav":false,"_genesis_hide_flyout":false,"_genesis_subtitle":"","_genesis_subheading":"","footnotes":""},"categories":[2],"tags":[481,485,493,384,490,491,39,494,495,16,492,486,41,256,489,487,496],"class_list":{"0":"post-8991","1":"post","2":"type-post","3":"status-publish","4":"format-standard","5":"has-post-thumbnail","7":"category-noticias","8":"tag-climate-adaptation","9":"tag-community-led","10":"tag-conservation-in-action","11":"tag-coral-bleaching","12":"tag-fisher-voices","13":"tag-grassroots","14":"tag-hawaii","15":"tag-heat-resistant","16":"tag-heat-stress","17":"tag-honduras","18":"tag-indigenous-stewardship","19":"tag-local-partner","20":"tag-maui","21":"tag-mesoamerican","22":"tag-spotlight","23":"tag-success-story","24":"tag-year-in-review","25":"entry"},"acf":[],"template_part":"\n<article class=\"article article-post post-8991 post type-post status-publish format-standard has-post-thumbnail category-noticias tag-climate-adaptation tag-community-led tag-conservation-in-action tag-coral-bleaching tag-fisher-voices tag-grassroots tag-hawaii tag-heat-resistant tag-heat-stress tag-honduras tag-indigenous-stewardship tag-local-partner tag-maui tag-mesoamerican tag-spotlight tag-success-story tag-year-in-review entry\">\n\t<div class=\"entry-image\">\n\t\t<a href=\"https:\/\/coral.org\/es\/blog\/los-2025-mejores-exitos-del-blog-de-coral\/\">\n\t\t\t<img width=\"740\" height=\"560\" src=\"https:\/\/static.coral.org\/uploads\/2025\/12\/Greatest-Hits-2025-740x560.jpg\" class=\"attachment-preview size-preview wp-post-image\" alt=\"2025 Greatest Hits!\" decoding=\"async\" loading=\"lazy\" \/>\t\t<\/a>\n\t<\/div>\n\t<div class=\"entry-meta\">\n\t\t<ul class=\"post-categories\">\n\t<li><a href=\"https:\/\/coral.org\/es\/blog\/category\/noticias\/\" rel=\"category tag\">Noticias<\/a><\/li><\/ul>\t<\/div>\n\t<div class=\"entry-body\">\n\t\t<h2 class=\"entry-title\"><a href=\"https:\/\/coral.org\/es\/blog\/los-2025-mejores-exitos-del-blog-de-coral\/\" class=\"entry-title-link\">Los Mejores \u00c9xitos del Blog de CORAL del 2025<\/a><\/h2>\t\t<p>\u00a1Este a\u00f1o ha sido muy importante para los arrecifes de coral y para la Alianza para los Arrecifes de Coral! Ahora que el a\u00f1o llega a su fin, queremos repasar las historias que m\u00e1s repercusi\u00f3n han tenido. Las que han llegado m\u00e1s lejos, han despertado la curiosidad y han ayudado a conectar a m\u00e1s personas&hellip; <a href=\"https:\/\/coral.org\/es\/blog\/los-2025-mejores-exitos-del-blog-de-coral\/\" class=\"more-link\">Sigue Leyendo &#8594;<\/a><\/p>\n\t<\/div>\n<\/article>\n","featured_image_src":"https:\/\/static.coral.org\/uploads\/2025\/12\/Greatest-Hits-2025-600x400.jpg","featured_image_src_square":"https:\/\/static.coral.org\/uploads\/2025\/12\/Greatest-Hits-2025-600x600.jpg","author_info":{"display_name":"Kate Beebe","author_link":"https:\/\/coral.org\/es\/blog\/author\/kate\/"},"jetpack_featured_media_url":"https:\/\/static.coral.org\/uploads\/2025\/12\/Greatest-Hits-2025.jpg","_links":{"self":[{"href":"https:\/\/coral.org\/es\/wp-json\/wp\/v2\/posts\/8991","targetHints":{"allow":["GET"]}}],"collection":[{"href":"https:\/\/coral.org\/es\/wp-json\/wp\/v2\/posts"}],"about":[{"href":"https:\/\/coral.org\/es\/wp-json\/wp\/v2\/types\/post"}],"author":[{"embeddable":true,"href":"https:\/\/coral.org\/es\/wp-json\/wp\/v2\/users\/8"}],"replies":[{"embeddable":true,"href":"https:\/\/coral.org\/es\/wp-json\/wp\/v2\/comments?post=8991"}],"version-history":[{"count":0,"href":"https:\/\/coral.org\/es\/wp-json\/wp\/v2\/posts\/8991\/revisions"}],"wp:featuredmedia":[{"embeddable":true,"href":"https:\/\/coral.org\/es\/wp-json\/wp\/v2\/media\/8950"}],"wp:attachment":[{"href":"https:\/\/coral.org\/es\/wp-json\/wp\/v2\/media?parent=8991"}],"wp:term":[{"taxonomy":"category","embeddable":true,"href":"https:\/\/coral.org\/es\/wp-json\/wp\/v2\/categories?post=8991"},{"taxonomy":"post_tag","embeddable":true,"href":"https:\/\/coral.org\/es\/wp-json\/wp\/v2\/tags?post=8991"}],"curies":[{"name":"wp","href":"https:\/\/api.w.org\/{rel}","templated":true}]}}